{"id":39187,"date":"2026-03-06T16:52:12","date_gmt":"2026-03-06T16:52:12","guid":{"rendered":"https:\/\/montanomiranda.com\/?p=39187"},"modified":"2026-03-06T17:27:45","modified_gmt":"2026-03-06T17:27:45","slug":"cambios-en-los-permisos-de-trabajo-para-solicitantes-de-asilo","status":"publish","type":"post","link":"https:\/\/montanomiranda.com\/es\/cambios-en-los-permisos-de-trabajo-para-solicitantes-de-asilo\/","title":{"rendered":"Cambios en los permisos de trabajo para solicitantes de Asilo\u00a0"},"content":{"rendered":"\t\t<div data-elementor-type=\"wp-post\" data-elementor-id=\"39187\" class=\"elementor elementor-39187\" data-elementor-post-type=\"post\">\n\t\t\t\t<div class=\"elementor-element elementor-element-98bd60b e-flex e-con-boxed e-con e-parent\" data-id=\"98bd60b\" data-element_type=\"container\" data-e-type=\"container\">\n\t\t\t\t\t<div class=\"e-con-inner\">\n\t\t\t\t<div class=\"elementor-element elementor-element-a085f2e elementor-widget elementor-widget-text-editor\" data-id=\"a085f2e\" data-element_type=\"widget\" data-e-type=\"widget\" data-widget_type=\"text-editor.default\">\n\t\t\t\t<div class=\"elementor-widget-container\">\n\t\t\t\t\t\t\t\t\t<p>Durante un Instagram LIVE, el abogado de inmigraci\u00f3n\u00a0<strong>Javier Montano Miranda<\/strong>, director de Montano Miranda Law Office, explic\u00f3 los posibles cambios que el Departamento de Seguridad Nacional planea implementar en relaci\u00f3n con los Permisos de Trabajo para solicitantes de asilo, medidas que podr\u00edan entrar en vigor el <strong>24 de abril.\u00a0<\/strong><\/p><p>Seg\u00fan explic\u00f3 Montano Miranda, estas medidas buscan limitar lo que el gobierno estadounidense considera un \u00abuso abusivo del sistema de asilo\u00bb por parte de personas que solicitan este beneficio \u00fanicamente para obtener autorizaci\u00f3n laboral.<\/p><p><strong>Espera m\u00e1s larga para solicitar permiso de trabajo<\/strong><\/p><p>Uno de los cambios m\u00e1s importantes ser\u00eda el aumento del tiempo que debe esperar un solicitante de asilo para poder pedir un permiso de trabajo.<\/p><p>Actualmente, una persona que presenta una solicitud de asilo debe esperar <strong>150 d\u00edas<\/strong> antes de poder aplicar al permiso de trabajo, pero\u00a0la propuesta plantea extender ese plazo a <strong>365 d\u00edas.<\/strong><\/p><p>Esto significa que una persona que solicita asilo tendr\u00eda que esperar al menos un a\u00f1o para pedir el permiso, y luego esperar el tiempo adicional que tome el procesamiento.<\/p><p><strong>Posible aumento en los tiempos de procesamiento<\/strong><\/p><p>Nuestro abogado explic\u00f3 que actualmente inmigraci\u00f3n intenta emitir permisos de trabajo en un plazo aproximado de <strong>30 d\u00edas<\/strong>.<\/p><p>No obstante, la nueva regulaci\u00f3n permitir\u00eda que ese plazo se extienda hasta\u00a0<strong>180 d\u00edas<\/strong>.<\/p><p>En la pr\u00e1ctica, esto podr\u00eda significar que una persona que solicite asilo podr\u00eda pasar\u00a0hasta a\u00f1o y medio sin poder trabajar legalmente.<\/p><p><strong>Nuevos requisitos biom\u00e9tricos<\/strong><\/p><p>Otra de las medidas que se plantea es exigir nuevamente\u00a0datos biom\u00e9tricos (huellas digitales)\u00a0incluso para quienes est\u00e9n renovando su permiso de trabajo.<\/p><p>Precis\u00f3 el abogado, que esto podr\u00eda generar problemas porque si una persona no se presenta a la cita de biom\u00e9tricos \u2014por ejemplo, si nunca recibe la notificaci\u00f3n\u2014 su permiso podr\u00eda ser cancelado.<\/p><p><strong>Posibilidad de suspender nuevas solicitudes<\/strong><\/p><p>El abogado tambi\u00e9n advirti\u00f3 sobre otra disposici\u00f3n que permitir\u00eda al gobierno\u00a0detener temporalmente la recepci\u00f3n de solicitudes de permisos de trabajo si el sistema \u00abse congestiona\u00bb.<\/p><p>Esto ocurrir\u00eda si el Departamento de Inmigraci\u00f3n determina que est\u00e1 tardando m\u00e1s de 180 d\u00edas en procesar las solicitudes durante un periodo de 90 d\u00edas consecutivos.<\/p><p><strong>Restricciones para quienes entraron sin inspecci\u00f3n<\/strong><\/p><p>Otra propuesta plantea limitar la posibilidad de obtener permisos de trabajo para personas que\u00a0ingresaron al pa\u00eds sin inspecci\u00f3n, salvo que un juez o un oficial de asilo determine que califican para excepciones especiales.<\/p><p><strong>Recomendaci\u00f3n urgente para quienes ya tienen permiso<\/strong><\/p><p>Ante estos posibles cambios, Montano Miranda hizo una recomendaci\u00f3n clara:<\/p><blockquote><p>\u201cLas personas cuyo permiso de trabajo vence en los pr\u00f3ximos seis meses deber\u00edan aplicar a la renovaci\u00f3n lo antes posible, antes de que entren en vigor estas nuevas reglas\u201d.<\/p><\/blockquote><p>El abogado tambi\u00e9n recomend\u00f3 enviar las solicitudes con suficiente anticipaci\u00f3n y verificar cuidadosamente los formularios y tarifas para evitar rechazos.<\/p>\t\t\t\t\t\t\t\t<\/div>\n\t\t\t\t<\/div>\n\t\t\t\t\t<\/div>\n\t\t\t\t<\/div>\n\t\t\t\t<\/div>\n\t\t","protected":false},"excerpt":{"rendered":"<p>Durante un Instagram LIVE, el abogado de inmigraci\u00f3n\u00a0Javier Montano Miranda, director de Montano Miranda Law Office, explic\u00f3 los posibles cambios que el Departamento de Seguridad Nacional planea implementar en relaci\u00f3n [&hellip;]<\/p>\n","protected":false},"author":9,"featured_media":39189,"comment_status":"closed","ping_status":"open","sticky":false,"template":"","format":"standard","meta":{"footnotes":""},"categories":[1],"tags":[],"class_list":["post-39187","post","type-post","status-publish","format-standard","has-post-thumbnail","hentry","category-lawyers"],"yoast_head":"<!-- This site is optimized with the Yoast SEO plugin v27.4 - https:\/\/yoast.com\/product\/yoast-seo-wordpress\/ -->\n<title>Cambios en los permisos de trabajo para solicitantes de Asilo\u00a0<\/title>\n<meta name=\"robots\" content=\"index, follow, max-snippet:-1, max-image-preview:large, max-video-preview:-1\" \/>\n<link rel=\"canonical\" href=\"https:\/\/montanomiranda.com\/es\/cambios-en-los-permisos-de-trabajo-para-solicitantes-de-asilo\/\" \/>\n<meta property=\"og:locale\" content=\"es_ES\" \/>\n<meta property=\"og:type\" content=\"article\" \/>\n<meta property=\"og:title\" content=\"Cambios en los permisos de trabajo para solicitantes de Asilo\u00a0\" \/>\n<meta property=\"og:description\" content=\"Durante un Instagram LIVE, el abogado de inmigraci\u00f3n\u00a0Javier Montano Miranda, director de Montano Miranda Law Office, explic\u00f3 los posibles cambios que el Departamento de Seguridad Nacional planea implementar en relaci\u00f3n [&hellip;]\" \/>\n<meta property=\"og:url\" content=\"https:\/\/montanomiranda.com\/es\/cambios-en-los-permisos-de-trabajo-para-solicitantes-de-asilo\/\" \/>\n<meta property=\"og:site_name\" content=\"Montano Miranda - Abogado de inmigrac\u00edon en Miami\" \/>\n<meta property=\"article:published_time\" content=\"2026-03-06T16:52:12+00:00\" \/>\n<meta property=\"article:modified_time\" content=\"2026-03-06T17:27:45+00:00\" \/>\n<meta property=\"og:image\" content=\"https:\/\/montanomiranda.com\/wp-content\/uploads\/2026\/03\/WhatsApp-Image-2026-03-06-at-12.49.50.jpeg\" \/>\n\t<meta property=\"og:image:width\" content=\"1536\" \/>\n\t<meta property=\"og:image:height\" content=\"1024\" \/>\n\t<meta property=\"og:image:type\" content=\"image\/jpeg\" \/>\n<meta name=\"author\" content=\"joseramon\" \/>\n<meta name=\"twitter:card\" content=\"summary_large_image\" \/>\n<meta name=\"twitter:label1\" content=\"Escrito por\" \/>\n\t<meta name=\"twitter:data1\" content=\"joseramon\" \/>\n\t<meta name=\"twitter:label2\" content=\"Tiempo de lectura\" \/>\n\t<meta name=\"twitter:data2\" content=\"2 minutos\" \/>\n<script type=\"application\/ld+json\" class=\"yoast-schema-graph\">{\"@context\":\"https:\\\/\\\/schema.org\",\"@graph\":[{\"@type\":\"Article\",\"@id\":\"https:\\\/\\\/montanomiranda.com\\\/es\\\/cambios-en-los-permisos-de-trabajo-para-solicitantes-de-asilo\\\/#article\",\"isPartOf\":{\"@id\":\"https:\\\/\\\/montanomiranda.com\\\/es\\\/cambios-en-los-permisos-de-trabajo-para-solicitantes-de-asilo\\\/\"},\"author\":{\"name\":\"joseramon\",\"@id\":\"https:\\\/\\\/montanomiranda.com\\\/es\\\/#\\\/schema\\\/person\\\/78466cc62152e5f8d5d72adbf41a459b\"},\"headline\":\"Cambios en los permisos de trabajo para solicitantes de Asilo\u00a0\",\"datePublished\":\"2026-03-06T16:52:12+00:00\",\"dateModified\":\"2026-03-06T17:27:45+00:00\",\"mainEntityOfPage\":{\"@id\":\"https:\\\/\\\/montanomiranda.com\\\/es\\\/cambios-en-los-permisos-de-trabajo-para-solicitantes-de-asilo\\\/\"},\"wordCount\":509,\"publisher\":{\"@id\":\"https:\\\/\\\/montanomiranda.com\\\/es\\\/#organization\"},\"image\":{\"@id\":\"https:\\\/\\\/montanomiranda.com\\\/es\\\/cambios-en-los-permisos-de-trabajo-para-solicitantes-de-asilo\\\/#primaryimage\"},\"thumbnailUrl\":\"https:\\\/\\\/montanomiranda.com\\\/wp-content\\\/uploads\\\/2026\\\/03\\\/WhatsApp-Image-2026-03-06-at-12.49.50.jpeg\",\"articleSection\":[\"Lawyers\"],\"inLanguage\":\"es\"},{\"@type\":\"WebPage\",\"@id\":\"https:\\\/\\\/montanomiranda.com\\\/es\\\/cambios-en-los-permisos-de-trabajo-para-solicitantes-de-asilo\\\/\",\"url\":\"https:\\\/\\\/montanomiranda.com\\\/es\\\/cambios-en-los-permisos-de-trabajo-para-solicitantes-de-asilo\\\/\",\"name\":\"Cambios en los permisos de trabajo para solicitantes de Asilo\u00a0\",\"isPartOf\":{\"@id\":\"https:\\\/\\\/montanomiranda.com\\\/es\\\/#website\"},\"primaryImageOfPage\":{\"@id\":\"https:\\\/\\\/montanomiranda.com\\\/es\\\/cambios-en-los-permisos-de-trabajo-para-solicitantes-de-asilo\\\/#primaryimage\"},\"image\":{\"@id\":\"https:\\\/\\\/montanomiranda.com\\\/es\\\/cambios-en-los-permisos-de-trabajo-para-solicitantes-de-asilo\\\/#primaryimage\"},\"thumbnailUrl\":\"https:\\\/\\\/montanomiranda.com\\\/wp-content\\\/uploads\\\/2026\\\/03\\\/WhatsApp-Image-2026-03-06-at-12.49.50.jpeg\",\"datePublished\":\"2026-03-06T16:52:12+00:00\",\"dateModified\":\"2026-03-06T17:27:45+00:00\",\"breadcrumb\":{\"@id\":\"https:\\\/\\\/montanomiranda.com\\\/es\\\/cambios-en-los-permisos-de-trabajo-para-solicitantes-de-asilo\\\/#breadcrumb\"},\"inLanguage\":\"es\",\"potentialAction\":[{\"@type\":\"ReadAction\",\"target\":[\"https:\\\/\\\/montanomiranda.com\\\/es\\\/cambios-en-los-permisos-de-trabajo-para-solicitantes-de-asilo\\\/\"]}]},{\"@type\":\"ImageObject\",\"inLanguage\":\"es\",\"@id\":\"https:\\\/\\\/montanomiranda.com\\\/es\\\/cambios-en-los-permisos-de-trabajo-para-solicitantes-de-asilo\\\/#primaryimage\",\"url\":\"https:\\\/\\\/montanomiranda.com\\\/wp-content\\\/uploads\\\/2026\\\/03\\\/WhatsApp-Image-2026-03-06-at-12.49.50.jpeg\",\"contentUrl\":\"https:\\\/\\\/montanomiranda.com\\\/wp-content\\\/uploads\\\/2026\\\/03\\\/WhatsApp-Image-2026-03-06-at-12.49.50.jpeg\",\"width\":1536,\"height\":1024},{\"@type\":\"BreadcrumbList\",\"@id\":\"https:\\\/\\\/montanomiranda.com\\\/es\\\/cambios-en-los-permisos-de-trabajo-para-solicitantes-de-asilo\\\/#breadcrumb\",\"itemListElement\":[{\"@type\":\"ListItem\",\"position\":1,\"name\":\"Home\",\"item\":\"https:\\\/\\\/montanomiranda.com\\\/\"},{\"@type\":\"ListItem\",\"position\":2,\"name\":\"Cambios en los permisos de trabajo para solicitantes de Asilo\u00a0\"}]},{\"@type\":\"WebSite\",\"@id\":\"https:\\\/\\\/montanomiranda.com\\\/es\\\/#website\",\"url\":\"https:\\\/\\\/montanomiranda.com\\\/es\\\/\",\"name\":\"Montano Miranda - Servicio de asosor\u00eda legal - Abogado de tr\u00e1mites migratorios EEUU\",\"description\":\"Montano Miranda - Servicio de asesor\u00eda legal - Abogado de tr\u00e1mites migratorios Miami\",\"publisher\":{\"@id\":\"https:\\\/\\\/montanomiranda.com\\\/es\\\/#organization\"},\"potentialAction\":[{\"@type\":\"SearchAction\",\"target\":{\"@type\":\"EntryPoint\",\"urlTemplate\":\"https:\\\/\\\/montanomiranda.com\\\/es\\\/?s={search_term_string}\"},\"query-input\":{\"@type\":\"PropertyValueSpecification\",\"valueRequired\":true,\"valueName\":\"search_term_string\"}}],\"inLanguage\":\"es\"},{\"@type\":\"Organization\",\"@id\":\"https:\\\/\\\/montanomiranda.com\\\/es\\\/#organization\",\"name\":\"Montano Miranda - Servicios de asesor\u00eda legal\",\"url\":\"https:\\\/\\\/montanomiranda.com\\\/es\\\/\",\"logo\":{\"@type\":\"ImageObject\",\"inLanguage\":\"es\",\"@id\":\"https:\\\/\\\/montanomiranda.com\\\/es\\\/#\\\/schema\\\/logo\\\/image\\\/\",\"url\":\"https:\\\/\\\/montanomiranda.com\\\/wp-content\\\/uploads\\\/2023\\\/07\\\/cropped-Untitled-design-12.png\",\"contentUrl\":\"https:\\\/\\\/montanomiranda.com\\\/wp-content\\\/uploads\\\/2023\\\/07\\\/cropped-Untitled-design-12.png\",\"width\":512,\"height\":512,\"caption\":\"Montano Miranda - Servicios de asesor\u00eda legal\"},\"image\":{\"@id\":\"https:\\\/\\\/montanomiranda.com\\\/es\\\/#\\\/schema\\\/logo\\\/image\\\/\"}},{\"@type\":\"Person\",\"@id\":\"https:\\\/\\\/montanomiranda.com\\\/es\\\/#\\\/schema\\\/person\\\/78466cc62152e5f8d5d72adbf41a459b\",\"name\":\"joseramon\",\"image\":{\"@type\":\"ImageObject\",\"inLanguage\":\"es\",\"@id\":\"https:\\\/\\\/secure.gravatar.com\\\/avatar\\\/fe8f4562cb51f9157f5a68b120d7342b98c67520619593fd8ea26a46913fdea2?s=96&d=mm&r=g\",\"url\":\"https:\\\/\\\/secure.gravatar.com\\\/avatar\\\/fe8f4562cb51f9157f5a68b120d7342b98c67520619593fd8ea26a46913fdea2?s=96&d=mm&r=g\",\"contentUrl\":\"https:\\\/\\\/secure.gravatar.com\\\/avatar\\\/fe8f4562cb51f9157f5a68b120d7342b98c67520619593fd8ea26a46913fdea2?s=96&d=mm&r=g\",\"caption\":\"joseramon\"}}]}<\/script>\n<!-- \/ Yoast SEO plugin. -->","yoast_head_json":{"title":"Cambios en los permisos de trabajo para solicitantes de Asilo\u00a0","robots":{"index":"index","follow":"follow","max-snippet":"max-snippet:-1","max-image-preview":"max-image-preview:large","max-video-preview":"max-video-preview:-1"},"canonical":"https:\/\/montanomiranda.com\/es\/cambios-en-los-permisos-de-trabajo-para-solicitantes-de-asilo\/","og_locale":"es_ES","og_type":"article","og_title":"Cambios en los permisos de trabajo para solicitantes de Asilo\u00a0","og_description":"Durante un Instagram LIVE, el abogado de inmigraci\u00f3n\u00a0Javier Montano Miranda, director de Montano Miranda Law Office, explic\u00f3 los posibles cambios que el Departamento de Seguridad Nacional planea implementar en relaci\u00f3n [&hellip;]","og_url":"https:\/\/montanomiranda.com\/es\/cambios-en-los-permisos-de-trabajo-para-solicitantes-de-asilo\/","og_site_name":"Montano Miranda - Abogado de inmigrac\u00edon en Miami","article_published_time":"2026-03-06T16:52:12+00:00","article_modified_time":"2026-03-06T17:27:45+00:00","og_image":[{"width":1536,"height":1024,"url":"https:\/\/montanomiranda.com\/wp-content\/uploads\/2026\/03\/WhatsApp-Image-2026-03-06-at-12.49.50.jpeg","type":"image\/jpeg"}],"author":"joseramon","twitter_card":"summary_large_image","twitter_misc":{"Escrito por":"joseramon","Tiempo de lectura":"2 minutos"},"schema":{"@context":"https:\/\/schema.org","@graph":[{"@type":"Article","@id":"https:\/\/montanomiranda.com\/es\/cambios-en-los-permisos-de-trabajo-para-solicitantes-de-asilo\/#article","isPartOf":{"@id":"https:\/\/montanomiranda.com\/es\/cambios-en-los-permisos-de-trabajo-para-solicitantes-de-asilo\/"},"author":{"name":"joseramon","@id":"https:\/\/montanomiranda.com\/es\/#\/schema\/person\/78466cc62152e5f8d5d72adbf41a459b"},"headline":"Cambios en los permisos de trabajo para solicitantes de Asilo\u00a0","datePublished":"2026-03-06T16:52:12+00:00","dateModified":"2026-03-06T17:27:45+00:00","mainEntityOfPage":{"@id":"https:\/\/montanomiranda.com\/es\/cambios-en-los-permisos-de-trabajo-para-solicitantes-de-asilo\/"},"wordCount":509,"publisher":{"@id":"https:\/\/montanomiranda.com\/es\/#organization"},"image":{"@id":"https:\/\/montanomiranda.com\/es\/cambios-en-los-permisos-de-trabajo-para-solicitantes-de-asilo\/#primaryimage"},"thumbnailUrl":"https:\/\/montanomiranda.com\/wp-content\/uploads\/2026\/03\/WhatsApp-Image-2026-03-06-at-12.49.50.jpeg","articleSection":["Lawyers"],"inLanguage":"es"},{"@type":"WebPage","@id":"https:\/\/montanomiranda.com\/es\/cambios-en-los-permisos-de-trabajo-para-solicitantes-de-asilo\/","url":"https:\/\/montanomiranda.com\/es\/cambios-en-los-permisos-de-trabajo-para-solicitantes-de-asilo\/","name":"Cambios en los permisos de trabajo para solicitantes de Asilo\u00a0","isPartOf":{"@id":"https:\/\/montanomiranda.com\/es\/#website"},"primaryImageOfPage":{"@id":"https:\/\/montanomiranda.com\/es\/cambios-en-los-permisos-de-trabajo-para-solicitantes-de-asilo\/#primaryimage"},"image":{"@id":"https:\/\/montanomiranda.com\/es\/cambios-en-los-permisos-de-trabajo-para-solicitantes-de-asilo\/#primaryimage"},"thumbnailUrl":"https:\/\/montanomiranda.com\/wp-content\/uploads\/2026\/03\/WhatsApp-Image-2026-03-06-at-12.49.50.jpeg","datePublished":"2026-03-06T16:52:12+00:00","dateModified":"2026-03-06T17:27:45+00:00","breadcrumb":{"@id":"https:\/\/montanomiranda.com\/es\/cambios-en-los-permisos-de-trabajo-para-solicitantes-de-asilo\/#breadcrumb"},"inLanguage":"es","potentialAction":[{"@type":"ReadAction","target":["https:\/\/montanomiranda.com\/es\/cambios-en-los-permisos-de-trabajo-para-solicitantes-de-asilo\/"]}]},{"@type":"ImageObject","inLanguage":"es","@id":"https:\/\/montanomiranda.com\/es\/cambios-en-los-permisos-de-trabajo-para-solicitantes-de-asilo\/#primaryimage","url":"https:\/\/montanomiranda.com\/wp-content\/uploads\/2026\/03\/WhatsApp-Image-2026-03-06-at-12.49.50.jpeg","contentUrl":"https:\/\/montanomiranda.com\/wp-content\/uploads\/2026\/03\/WhatsApp-Image-2026-03-06-at-12.49.50.jpeg","width":1536,"height":1024},{"@type":"BreadcrumbList","@id":"https:\/\/montanomiranda.com\/es\/cambios-en-los-permisos-de-trabajo-para-solicitantes-de-asilo\/#breadcrumb","itemListElement":[{"@type":"ListItem","position":1,"name":"Home","item":"https:\/\/montanomiranda.com\/"},{"@type":"ListItem","position":2,"name":"Cambios en los permisos de trabajo para solicitantes de Asilo\u00a0"}]},{"@type":"WebSite","@id":"https:\/\/montanomiranda.com\/es\/#website","url":"https:\/\/montanomiranda.com\/es\/","name":"Montano Miranda - Servicio de asosor\u00eda legal - Abogado de tr\u00e1mites migratorios EEUU","description":"Montano Miranda - Servicio de asesor\u00eda legal - Abogado de tr\u00e1mites migratorios Miami","publisher":{"@id":"https:\/\/montanomiranda.com\/es\/#organization"},"potentialAction":[{"@type":"SearchAction","target":{"@type":"EntryPoint","urlTemplate":"https:\/\/montanomiranda.com\/es\/?s={search_term_string}"},"query-input":{"@type":"PropertyValueSpecification","valueRequired":true,"valueName":"search_term_string"}}],"inLanguage":"es"},{"@type":"Organization","@id":"https:\/\/montanomiranda.com\/es\/#organization","name":"Montano Miranda - Servicios de asesor\u00eda legal","url":"https:\/\/montanomiranda.com\/es\/","logo":{"@type":"ImageObject","inLanguage":"es","@id":"https:\/\/montanomiranda.com\/es\/#\/schema\/logo\/image\/","url":"https:\/\/montanomiranda.com\/wp-content\/uploads\/2023\/07\/cropped-Untitled-design-12.png","contentUrl":"https:\/\/montanomiranda.com\/wp-content\/uploads\/2023\/07\/cropped-Untitled-design-12.png","width":512,"height":512,"caption":"Montano Miranda - Servicios de asesor\u00eda legal"},"image":{"@id":"https:\/\/montanomiranda.com\/es\/#\/schema\/logo\/image\/"}},{"@type":"Person","@id":"https:\/\/montanomiranda.com\/es\/#\/schema\/person\/78466cc62152e5f8d5d72adbf41a459b","name":"joseramon","image":{"@type":"ImageObject","inLanguage":"es","@id":"https:\/\/secure.gravatar.com\/avatar\/fe8f4562cb51f9157f5a68b120d7342b98c67520619593fd8ea26a46913fdea2?s=96&d=mm&r=g","url":"https:\/\/secure.gravatar.com\/avatar\/fe8f4562cb51f9157f5a68b120d7342b98c67520619593fd8ea26a46913fdea2?s=96&d=mm&r=g","contentUrl":"https:\/\/secure.gravatar.com\/avatar\/fe8f4562cb51f9157f5a68b120d7342b98c67520619593fd8ea26a46913fdea2?s=96&d=mm&r=g","caption":"joseramon"}}]}},"_links":{"self":[{"href":"https:\/\/montanomiranda.com\/es\/wp-json\/wp\/v2\/posts\/39187","targetHints":{"allow":["GET"]}}],"collection":[{"href":"https:\/\/montanomiranda.com\/es\/wp-json\/wp\/v2\/posts"}],"about":[{"href":"https:\/\/montanomiranda.com\/es\/wp-json\/wp\/v2\/types\/post"}],"author":[{"embeddable":true,"href":"https:\/\/montanomiranda.com\/es\/wp-json\/wp\/v2\/users\/9"}],"replies":[{"embeddable":true,"href":"https:\/\/montanomiranda.com\/es\/wp-json\/wp\/v2\/comments?post=39187"}],"version-history":[{"count":5,"href":"https:\/\/montanomiranda.com\/es\/wp-json\/wp\/v2\/posts\/39187\/revisions"}],"predecessor-version":[{"id":39200,"href":"https:\/\/montanomiranda.com\/es\/wp-json\/wp\/v2\/posts\/39187\/revisions\/39200"}],"wp:featuredmedia":[{"embeddable":true,"href":"https:\/\/montanomiranda.com\/es\/wp-json\/wp\/v2\/media\/39189"}],"wp:attachment":[{"href":"https:\/\/montanomiranda.com\/es\/wp-json\/wp\/v2\/media?parent=39187"}],"wp:term":[{"taxonomy":"category","embeddable":true,"href":"https:\/\/montanomiranda.com\/es\/wp-json\/wp\/v2\/categories?post=39187"},{"taxonomy":"post_tag","embeddable":true,"href":"https:\/\/montanomiranda.com\/es\/wp-json\/wp\/v2\/tags?post=39187"}],"curies":[{"name":"wp","href":"https:\/\/api.w.org\/{rel}","templated":true}]}}