{"id":39173,"date":"2026-03-04T19:53:09","date_gmt":"2026-03-04T19:53:09","guid":{"rendered":"https:\/\/montanomiranda.com\/?p=39173"},"modified":"2026-03-04T21:05:20","modified_gmt":"2026-03-04T21:05:20","slug":"visa-tn-para-profesionales-mexicanos-de-que-trata","status":"publish","type":"post","link":"https:\/\/montanomiranda.com\/es\/visa-tn-para-profesionales-mexicanos-de-que-trata\/","title":{"rendered":"Visa TN para profesionales mexicanos: \u00bfde qu\u00e9 trata?"},"content":{"rendered":"\t\t<div data-elementor-type=\"wp-post\" data-elementor-id=\"39173\" class=\"elementor elementor-39173\" data-elementor-post-type=\"post\">\n\t\t\t\t<div class=\"elementor-element elementor-element-b4a6b36 e-flex e-con-boxed e-con e-parent\" data-id=\"b4a6b36\" data-element_type=\"container\" data-e-type=\"container\">\n\t\t\t\t\t<div class=\"e-con-inner\">\n\t\t\t\t<div class=\"elementor-element elementor-element-64714ae elementor-widget elementor-widget-text-editor\" data-id=\"64714ae\" data-element_type=\"widget\" data-e-type=\"widget\" data-widget_type=\"text-editor.default\">\n\t\t\t\t<div class=\"elementor-widget-container\">\n\t\t\t\t\t\t\t\t\t<p>Cada a\u00f1o, miles de profesionales mexicanos buscan oportunidades laborales en Estados Unidos. Una de las opciones migratorias m\u00e1s importantes para este perfil es la <strong>visa TN<\/strong>, una categor\u00eda creada bajo el Tratado entre M\u00e9xico, Estados Unidos y Canad\u00e1 (T-MEC), que facilita el intercambio de talento profesional entre los tres pa\u00edses.<\/p><p>Esta visa permite que ciudadanos mexicanos calificados trabajen legalmente en Estados Unidos en determinadas profesiones especializadas, siempre que cuenten con una oferta de empleo en Estados Unidos.<\/p><p><strong>\u00bfQu\u00e9 es la visa TN?<\/strong><\/p><p>La visa TN es una <strong>visa de no inmigrante<\/strong> dise\u00f1ada para profesionales de M\u00e9xico y Canad\u00e1 que desean trabajar temporalmente en Estados Unidos en actividades de nivel profesional previamente acordadas bajo el T-MEC.<\/p><p>Su objetivo es fortalecer la cooperaci\u00f3n econ\u00f3mica entre los tres pa\u00edses, permitiendo que empresas estadounidenses puedan contratar talento profesional de M\u00e9xico y Canad\u00e1 en ocupaciones espec\u00edficas.<\/p><p>Es importante destacar que solo los ciudadanos mexicanos o canadienses pueden solicitar esta visa; los residentes permanentes de esos pa\u00edses no son elegibles para esta categor\u00eda.<\/p><p><strong>Requisitos principales <\/strong><\/p><p>Para calificar a esta visa, el solicitante debe cumplir con varios requisitos fundamentales:<\/p><ol><li><strong> Ser ciudadano mexicano<\/strong><br \/>El solicitante debe poseer un pasaporte mexicano vigente.<\/li><li><strong> Tener una oferta de trabajo en Estados Unidos<\/strong><br \/>Debe existir un empleo previamente acordado con un empleador estadounidense. La visa TN no permite llegar al pa\u00eds para buscar trabajo.<\/li><li><strong> La profesi\u00f3n debe estar incluida en la lista del T-MEC<\/strong><br \/>El tratado establece una lista de ocupaciones profesionales elegibles, por ejemplo:<\/li><\/ol><ul><li>Ingenieros<\/li><li>Contadores<\/li><li>Arquitectos<\/li><li>Analistas de sistemas<\/li><li>Economistas<\/li><li>Profesores universitarios<\/li><li>Enfermeros<\/li><li>Cient\u00edficos<\/li><li>Consultores de gesti\u00f3n<\/li><\/ul><p>Estas profesiones est\u00e1n definidas en el tratado comercial y requieren credenciales acad\u00e9micas o licencias profesionales espec\u00edficas.<\/p><ol start=\"4\"><li><strong> Cumplir con los requisitos acad\u00e9micos o profesionales<\/strong><br \/>En la mayor\u00eda de los casos se exige al menos un <strong>t\u00edtulo universitario (licenciatura o bachelor\u2019s degree)<\/strong> relacionado con la profesi\u00f3n.<\/li><\/ol><p>La visa TN se presenta como una opci\u00f3n especialmente atractiva para profesionales mexicanos interesados en desarrollar su carrera en Estados Unidos dentro de un marco legal definido y respaldado por la cooperaci\u00f3n econ\u00f3mica regional.<\/p><p>No obstante, su tramitaci\u00f3n exige una preparaci\u00f3n cuidadosa de la oferta de empleo, las credenciales acad\u00e9micas y la documentaci\u00f3n migratoria correspondiente.<\/p><p>Por ello, contar con asesor\u00eda legal especializada es clave para evitar errores, prevenir retrasos y aumentar las probabilidades de que la solicitud sea aprobada de manera exitosa.<\/p><p>Conversemos: <br \/>WhatsApp: +1 (786) 825-7333<\/p><p>\u00a0<\/p>\t\t\t\t\t\t\t\t<\/div>\n\t\t\t\t<\/div>\n\t\t\t\t\t<\/div>\n\t\t\t\t<\/div>\n\t\t\t\t<\/div>\n\t\t","protected":false},"excerpt":{"rendered":"<p>Cada a\u00f1o, miles de profesionales mexicanos buscan oportunidades laborales en Estados Unidos. Una de las opciones migratorias m\u00e1s importantes para este perfil es la visa TN, una categor\u00eda creada bajo [&hellip;]<\/p>\n","protected":false},"author":9,"featured_media":39175,"comment_status":"closed","ping_status":"open","sticky":false,"template":"","format":"standard","meta":{"footnotes":""},"categories":[1],"tags":[],"class_list":["post-39173","post","type-post","status-publish","format-standard","has-post-thumbnail","hentry","category-lawyers"],"yoast_head":"<!-- This site is optimized with the Yoast SEO plugin v27.4 - https:\/\/yoast.com\/product\/yoast-seo-wordpress\/ -->\n<title>Visa TN para profesionales mexicanos: \u00bfde qu\u00e9 trata?<\/title>\n<meta name=\"robots\" content=\"index, follow, max-snippet:-1, max-image-preview:large, max-video-preview:-1\" \/>\n<link rel=\"canonical\" href=\"https:\/\/montanomiranda.com\/es\/visa-tn-para-profesionales-mexicanos-de-que-trata\/\" \/>\n<meta property=\"og:locale\" content=\"es_ES\" \/>\n<meta property=\"og:type\" content=\"article\" \/>\n<meta property=\"og:title\" content=\"Visa TN para profesionales mexicanos: \u00bfde qu\u00e9 trata?\" \/>\n<meta property=\"og:description\" content=\"Cada a\u00f1o, miles de profesionales mexicanos buscan oportunidades laborales en Estados Unidos. Una de las opciones migratorias m\u00e1s importantes para este perfil es la visa TN, una categor\u00eda creada bajo [&hellip;]\" \/>\n<meta property=\"og:url\" content=\"https:\/\/montanomiranda.com\/es\/visa-tn-para-profesionales-mexicanos-de-que-trata\/\" \/>\n<meta property=\"og:site_name\" content=\"Montano Miranda - Abogado de inmigrac\u00edon en Miami\" \/>\n<meta property=\"article:published_time\" content=\"2026-03-04T19:53:09+00:00\" \/>\n<meta property=\"article:modified_time\" content=\"2026-03-04T21:05:20+00:00\" \/>\n<meta property=\"og:image\" content=\"https:\/\/montanomiranda.com\/wp-content\/uploads\/2026\/03\/WhatsApp-Image-2026-03-04-at-14.43.16.jpeg\" \/>\n\t<meta property=\"og:image:width\" content=\"1536\" \/>\n\t<meta property=\"og:image:height\" content=\"1024\" \/>\n\t<meta property=\"og:image:type\" content=\"image\/jpeg\" \/>\n<meta name=\"author\" content=\"joseramon\" \/>\n<meta name=\"twitter:card\" content=\"summary_large_image\" \/>\n<meta name=\"twitter:label1\" content=\"Escrito por\" \/>\n\t<meta name=\"twitter:data1\" content=\"joseramon\" \/>\n\t<meta name=\"twitter:label2\" content=\"Tiempo de lectura\" \/>\n\t<meta name=\"twitter:data2\" content=\"2 minutos\" \/>\n<script type=\"application\/ld+json\" class=\"yoast-schema-graph\">{\"@context\":\"https:\\\/\\\/schema.org\",\"@graph\":[{\"@type\":\"Article\",\"@id\":\"https:\\\/\\\/montanomiranda.com\\\/visa-tn-para-profesionales-mexicanos-de-que-trata\\\/#article\",\"isPartOf\":{\"@id\":\"https:\\\/\\\/montanomiranda.com\\\/visa-tn-para-profesionales-mexicanos-de-que-trata\\\/\"},\"author\":{\"name\":\"joseramon\",\"@id\":\"https:\\\/\\\/montanomiranda.com\\\/es\\\/#\\\/schema\\\/person\\\/78466cc62152e5f8d5d72adbf41a459b\"},\"headline\":\"Visa TN para profesionales mexicanos: \u00bfde qu\u00e9 trata?\",\"datePublished\":\"2026-03-04T19:53:09+00:00\",\"dateModified\":\"2026-03-04T21:05:20+00:00\",\"mainEntityOfPage\":{\"@id\":\"https:\\\/\\\/montanomiranda.com\\\/visa-tn-para-profesionales-mexicanos-de-que-trata\\\/\"},\"wordCount\":428,\"publisher\":{\"@id\":\"https:\\\/\\\/montanomiranda.com\\\/es\\\/#organization\"},\"image\":{\"@id\":\"https:\\\/\\\/montanomiranda.com\\\/visa-tn-para-profesionales-mexicanos-de-que-trata\\\/#primaryimage\"},\"thumbnailUrl\":\"https:\\\/\\\/montanomiranda.com\\\/wp-content\\\/uploads\\\/2026\\\/03\\\/WhatsApp-Image-2026-03-04-at-14.43.16.jpeg\",\"articleSection\":[\"Lawyers\"],\"inLanguage\":\"es\"},{\"@type\":\"WebPage\",\"@id\":\"https:\\\/\\\/montanomiranda.com\\\/visa-tn-para-profesionales-mexicanos-de-que-trata\\\/\",\"url\":\"https:\\\/\\\/montanomiranda.com\\\/visa-tn-para-profesionales-mexicanos-de-que-trata\\\/\",\"name\":\"Visa TN para profesionales mexicanos: \u00bfde qu\u00e9 trata?\",\"isPartOf\":{\"@id\":\"https:\\\/\\\/montanomiranda.com\\\/es\\\/#website\"},\"primaryImageOfPage\":{\"@id\":\"https:\\\/\\\/montanomiranda.com\\\/visa-tn-para-profesionales-mexicanos-de-que-trata\\\/#primaryimage\"},\"image\":{\"@id\":\"https:\\\/\\\/montanomiranda.com\\\/visa-tn-para-profesionales-mexicanos-de-que-trata\\\/#primaryimage\"},\"thumbnailUrl\":\"https:\\\/\\\/montanomiranda.com\\\/wp-content\\\/uploads\\\/2026\\\/03\\\/WhatsApp-Image-2026-03-04-at-14.43.16.jpeg\",\"datePublished\":\"2026-03-04T19:53:09+00:00\",\"dateModified\":\"2026-03-04T21:05:20+00:00\",\"breadcrumb\":{\"@id\":\"https:\\\/\\\/montanomiranda.com\\\/visa-tn-para-profesionales-mexicanos-de-que-trata\\\/#breadcrumb\"},\"inLanguage\":\"es\",\"potentialAction\":[{\"@type\":\"ReadAction\",\"target\":[\"https:\\\/\\\/montanomiranda.com\\\/visa-tn-para-profesionales-mexicanos-de-que-trata\\\/\"]}]},{\"@type\":\"ImageObject\",\"inLanguage\":\"es\",\"@id\":\"https:\\\/\\\/montanomiranda.com\\\/visa-tn-para-profesionales-mexicanos-de-que-trata\\\/#primaryimage\",\"url\":\"https:\\\/\\\/montanomiranda.com\\\/wp-content\\\/uploads\\\/2026\\\/03\\\/WhatsApp-Image-2026-03-04-at-14.43.16.jpeg\",\"contentUrl\":\"https:\\\/\\\/montanomiranda.com\\\/wp-content\\\/uploads\\\/2026\\\/03\\\/WhatsApp-Image-2026-03-04-at-14.43.16.jpeg\",\"width\":1536,\"height\":1024},{\"@type\":\"BreadcrumbList\",\"@id\":\"https:\\\/\\\/montanomiranda.com\\\/visa-tn-para-profesionales-mexicanos-de-que-trata\\\/#breadcrumb\",\"itemListElement\":[{\"@type\":\"ListItem\",\"position\":1,\"name\":\"Home\",\"item\":\"https:\\\/\\\/montanomiranda.com\\\/\"},{\"@type\":\"ListItem\",\"position\":2,\"name\":\"Visa TN para profesionales mexicanos: \u00bfde qu\u00e9 trata?\"}]},{\"@type\":\"WebSite\",\"@id\":\"https:\\\/\\\/montanomiranda.com\\\/es\\\/#website\",\"url\":\"https:\\\/\\\/montanomiranda.com\\\/es\\\/\",\"name\":\"Montano Miranda - Servicio de asosor\u00eda legal - Abogado de tr\u00e1mites migratorios EEUU\",\"description\":\"Montano Miranda - Servicio de asesor\u00eda legal - Abogado de tr\u00e1mites migratorios Miami\",\"publisher\":{\"@id\":\"https:\\\/\\\/montanomiranda.com\\\/es\\\/#organization\"},\"potentialAction\":[{\"@type\":\"SearchAction\",\"target\":{\"@type\":\"EntryPoint\",\"urlTemplate\":\"https:\\\/\\\/montanomiranda.com\\\/es\\\/?s={search_term_string}\"},\"query-input\":{\"@type\":\"PropertyValueSpecification\",\"valueRequired\":true,\"valueName\":\"search_term_string\"}}],\"inLanguage\":\"es\"},{\"@type\":\"Organization\",\"@id\":\"https:\\\/\\\/montanomiranda.com\\\/es\\\/#organization\",\"name\":\"Montano Miranda - Servicios de asesor\u00eda legal\",\"url\":\"https:\\\/\\\/montanomiranda.com\\\/es\\\/\",\"logo\":{\"@type\":\"ImageObject\",\"inLanguage\":\"es\",\"@id\":\"https:\\\/\\\/montanomiranda.com\\\/es\\\/#\\\/schema\\\/logo\\\/image\\\/\",\"url\":\"https:\\\/\\\/montanomiranda.com\\\/wp-content\\\/uploads\\\/2023\\\/07\\\/cropped-Untitled-design-12.png\",\"contentUrl\":\"https:\\\/\\\/montanomiranda.com\\\/wp-content\\\/uploads\\\/2023\\\/07\\\/cropped-Untitled-design-12.png\",\"width\":512,\"height\":512,\"caption\":\"Montano Miranda - Servicios de asesor\u00eda legal\"},\"image\":{\"@id\":\"https:\\\/\\\/montanomiranda.com\\\/es\\\/#\\\/schema\\\/logo\\\/image\\\/\"}},{\"@type\":\"Person\",\"@id\":\"https:\\\/\\\/montanomiranda.com\\\/es\\\/#\\\/schema\\\/person\\\/78466cc62152e5f8d5d72adbf41a459b\",\"name\":\"joseramon\",\"image\":{\"@type\":\"ImageObject\",\"inLanguage\":\"es\",\"@id\":\"https:\\\/\\\/secure.gravatar.com\\\/avatar\\\/fe8f4562cb51f9157f5a68b120d7342b98c67520619593fd8ea26a46913fdea2?s=96&d=mm&r=g\",\"url\":\"https:\\\/\\\/secure.gravatar.com\\\/avatar\\\/fe8f4562cb51f9157f5a68b120d7342b98c67520619593fd8ea26a46913fdea2?s=96&d=mm&r=g\",\"contentUrl\":\"https:\\\/\\\/secure.gravatar.com\\\/avatar\\\/fe8f4562cb51f9157f5a68b120d7342b98c67520619593fd8ea26a46913fdea2?s=96&d=mm&r=g\",\"caption\":\"joseramon\"}}]}<\/script>\n<!-- \/ Yoast SEO plugin. -->","yoast_head_json":{"title":"Visa TN para profesionales mexicanos: \u00bfde qu\u00e9 trata?","robots":{"index":"index","follow":"follow","max-snippet":"max-snippet:-1","max-image-preview":"max-image-preview:large","max-video-preview":"max-video-preview:-1"},"canonical":"https:\/\/montanomiranda.com\/es\/visa-tn-para-profesionales-mexicanos-de-que-trata\/","og_locale":"es_ES","og_type":"article","og_title":"Visa TN para profesionales mexicanos: \u00bfde qu\u00e9 trata?","og_description":"Cada a\u00f1o, miles de profesionales mexicanos buscan oportunidades laborales en Estados Unidos. Una de las opciones migratorias m\u00e1s importantes para este perfil es la visa TN, una categor\u00eda creada bajo [&hellip;]","og_url":"https:\/\/montanomiranda.com\/es\/visa-tn-para-profesionales-mexicanos-de-que-trata\/","og_site_name":"Montano Miranda - Abogado de inmigrac\u00edon en Miami","article_published_time":"2026-03-04T19:53:09+00:00","article_modified_time":"2026-03-04T21:05:20+00:00","og_image":[{"width":1536,"height":1024,"url":"https:\/\/montanomiranda.com\/wp-content\/uploads\/2026\/03\/WhatsApp-Image-2026-03-04-at-14.43.16.jpeg","type":"image\/jpeg"}],"author":"joseramon","twitter_card":"summary_large_image","twitter_misc":{"Escrito por":"joseramon","Tiempo de lectura":"2 minutos"},"schema":{"@context":"https:\/\/schema.org","@graph":[{"@type":"Article","@id":"https:\/\/montanomiranda.com\/visa-tn-para-profesionales-mexicanos-de-que-trata\/#article","isPartOf":{"@id":"https:\/\/montanomiranda.com\/visa-tn-para-profesionales-mexicanos-de-que-trata\/"},"author":{"name":"joseramon","@id":"https:\/\/montanomiranda.com\/es\/#\/schema\/person\/78466cc62152e5f8d5d72adbf41a459b"},"headline":"Visa TN para profesionales mexicanos: \u00bfde qu\u00e9 trata?","datePublished":"2026-03-04T19:53:09+00:00","dateModified":"2026-03-04T21:05:20+00:00","mainEntityOfPage":{"@id":"https:\/\/montanomiranda.com\/visa-tn-para-profesionales-mexicanos-de-que-trata\/"},"wordCount":428,"publisher":{"@id":"https:\/\/montanomiranda.com\/es\/#organization"},"image":{"@id":"https:\/\/montanomiranda.com\/visa-tn-para-profesionales-mexicanos-de-que-trata\/#primaryimage"},"thumbnailUrl":"https:\/\/montanomiranda.com\/wp-content\/uploads\/2026\/03\/WhatsApp-Image-2026-03-04-at-14.43.16.jpeg","articleSection":["Lawyers"],"inLanguage":"es"},{"@type":"WebPage","@id":"https:\/\/montanomiranda.com\/visa-tn-para-profesionales-mexicanos-de-que-trata\/","url":"https:\/\/montanomiranda.com\/visa-tn-para-profesionales-mexicanos-de-que-trata\/","name":"Visa TN para profesionales mexicanos: \u00bfde qu\u00e9 trata?","isPartOf":{"@id":"https:\/\/montanomiranda.com\/es\/#website"},"primaryImageOfPage":{"@id":"https:\/\/montanomiranda.com\/visa-tn-para-profesionales-mexicanos-de-que-trata\/#primaryimage"},"image":{"@id":"https:\/\/montanomiranda.com\/visa-tn-para-profesionales-mexicanos-de-que-trata\/#primaryimage"},"thumbnailUrl":"https:\/\/montanomiranda.com\/wp-content\/uploads\/2026\/03\/WhatsApp-Image-2026-03-04-at-14.43.16.jpeg","datePublished":"2026-03-04T19:53:09+00:00","dateModified":"2026-03-04T21:05:20+00:00","breadcrumb":{"@id":"https:\/\/montanomiranda.com\/visa-tn-para-profesionales-mexicanos-de-que-trata\/#breadcrumb"},"inLanguage":"es","potentialAction":[{"@type":"ReadAction","target":["https:\/\/montanomiranda.com\/visa-tn-para-profesionales-mexicanos-de-que-trata\/"]}]},{"@type":"ImageObject","inLanguage":"es","@id":"https:\/\/montanomiranda.com\/visa-tn-para-profesionales-mexicanos-de-que-trata\/#primaryimage","url":"https:\/\/montanomiranda.com\/wp-content\/uploads\/2026\/03\/WhatsApp-Image-2026-03-04-at-14.43.16.jpeg","contentUrl":"https:\/\/montanomiranda.com\/wp-content\/uploads\/2026\/03\/WhatsApp-Image-2026-03-04-at-14.43.16.jpeg","width":1536,"height":1024},{"@type":"BreadcrumbList","@id":"https:\/\/montanomiranda.com\/visa-tn-para-profesionales-mexicanos-de-que-trata\/#breadcrumb","itemListElement":[{"@type":"ListItem","position":1,"name":"Home","item":"https:\/\/montanomiranda.com\/"},{"@type":"ListItem","position":2,"name":"Visa TN para profesionales mexicanos: \u00bfde qu\u00e9 trata?"}]},{"@type":"WebSite","@id":"https:\/\/montanomiranda.com\/es\/#website","url":"https:\/\/montanomiranda.com\/es\/","name":"Montano Miranda - Servicio de asosor\u00eda legal - Abogado de tr\u00e1mites migratorios EEUU","description":"Montano Miranda - Servicio de asesor\u00eda legal - Abogado de tr\u00e1mites migratorios Miami","publisher":{"@id":"https:\/\/montanomiranda.com\/es\/#organization"},"potentialAction":[{"@type":"SearchAction","target":{"@type":"EntryPoint","urlTemplate":"https:\/\/montanomiranda.com\/es\/?s={search_term_string}"},"query-input":{"@type":"PropertyValueSpecification","valueRequired":true,"valueName":"search_term_string"}}],"inLanguage":"es"},{"@type":"Organization","@id":"https:\/\/montanomiranda.com\/es\/#organization","name":"Montano Miranda - Servicios de asesor\u00eda legal","url":"https:\/\/montanomiranda.com\/es\/","logo":{"@type":"ImageObject","inLanguage":"es","@id":"https:\/\/montanomiranda.com\/es\/#\/schema\/logo\/image\/","url":"https:\/\/montanomiranda.com\/wp-content\/uploads\/2023\/07\/cropped-Untitled-design-12.png","contentUrl":"https:\/\/montanomiranda.com\/wp-content\/uploads\/2023\/07\/cropped-Untitled-design-12.png","width":512,"height":512,"caption":"Montano Miranda - Servicios de asesor\u00eda legal"},"image":{"@id":"https:\/\/montanomiranda.com\/es\/#\/schema\/logo\/image\/"}},{"@type":"Person","@id":"https:\/\/montanomiranda.com\/es\/#\/schema\/person\/78466cc62152e5f8d5d72adbf41a459b","name":"joseramon","image":{"@type":"ImageObject","inLanguage":"es","@id":"https:\/\/secure.gravatar.com\/avatar\/fe8f4562cb51f9157f5a68b120d7342b98c67520619593fd8ea26a46913fdea2?s=96&d=mm&r=g","url":"https:\/\/secure.gravatar.com\/avatar\/fe8f4562cb51f9157f5a68b120d7342b98c67520619593fd8ea26a46913fdea2?s=96&d=mm&r=g","contentUrl":"https:\/\/secure.gravatar.com\/avatar\/fe8f4562cb51f9157f5a68b120d7342b98c67520619593fd8ea26a46913fdea2?s=96&d=mm&r=g","caption":"joseramon"}}]}},"_links":{"self":[{"href":"https:\/\/montanomiranda.com\/es\/wp-json\/wp\/v2\/posts\/39173","targetHints":{"allow":["GET"]}}],"collection":[{"href":"https:\/\/montanomiranda.com\/es\/wp-json\/wp\/v2\/posts"}],"about":[{"href":"https:\/\/montanomiranda.com\/es\/wp-json\/wp\/v2\/types\/post"}],"author":[{"embeddable":true,"href":"https:\/\/montanomiranda.com\/es\/wp-json\/wp\/v2\/users\/9"}],"replies":[{"embeddable":true,"href":"https:\/\/montanomiranda.com\/es\/wp-json\/wp\/v2\/comments?post=39173"}],"version-history":[{"count":5,"href":"https:\/\/montanomiranda.com\/es\/wp-json\/wp\/v2\/posts\/39173\/revisions"}],"predecessor-version":[{"id":39186,"href":"https:\/\/montanomiranda.com\/es\/wp-json\/wp\/v2\/posts\/39173\/revisions\/39186"}],"wp:featuredmedia":[{"embeddable":true,"href":"https:\/\/montanomiranda.com\/es\/wp-json\/wp\/v2\/media\/39175"}],"wp:attachment":[{"href":"https:\/\/montanomiranda.com\/es\/wp-json\/wp\/v2\/media?parent=39173"}],"wp:term":[{"taxonomy":"category","embeddable":true,"href":"https:\/\/montanomiranda.com\/es\/wp-json\/wp\/v2\/categories?post=39173"},{"taxonomy":"post_tag","embeddable":true,"href":"https:\/\/montanomiranda.com\/es\/wp-json\/wp\/v2\/tags?post=39173"}],"curies":[{"name":"wp","href":"https:\/\/api.w.org\/{rel}","templated":true}]}}