{"id":39155,"date":"2026-02-14T18:25:12","date_gmt":"2026-02-14T18:25:12","guid":{"rendered":"https:\/\/montanomiranda.com\/?p=39155"},"modified":"2026-02-14T18:37:50","modified_gmt":"2026-02-14T18:37:50","slug":"javier-montano-miranda-analiza-el-panorama-de-visas-para-colombianos-en-la-voz-del-norte","status":"publish","type":"post","link":"https:\/\/montanomiranda.com\/es\/javier-montano-miranda-analiza-el-panorama-de-visas-para-colombianos-en-la-voz-del-norte\/","title":{"rendered":"Javier Montano Miranda analiza el panorama de visas para colombianos en La Voz del Norte"},"content":{"rendered":"\t\t<div data-elementor-type=\"wp-post\" data-elementor-id=\"39155\" class=\"elementor elementor-39155\" data-elementor-post-type=\"post\">\n\t\t\t\t<div class=\"elementor-element elementor-element-6e00947 e-flex e-con-boxed e-con e-parent\" data-id=\"6e00947\" data-element_type=\"container\" data-e-type=\"container\">\n\t\t\t\t\t<div class=\"e-con-inner\">\n\t\t\t\t<div class=\"elementor-element elementor-element-650db74 elementor-widget elementor-widget-text-editor\" data-id=\"650db74\" data-element_type=\"widget\" data-e-type=\"widget\" data-widget_type=\"text-editor.default\">\n\t\t\t\t<div class=\"elementor-widget-container\">\n\t\t\t\t\t\t\t\t\t<p style=\"font-weight: 400;\">En entrevista con periodistas colombianos del programa <em>Ecos del Norte<\/em>\u00a0de la emirosa\u00a0<em>La Voz del Norte<\/em>, el abogado de inmigraci\u00f3n\u00a0<strong>Javier Montano Miranda<\/strong> analiz\u00f3 el panorama actual migratorio para los colombianos que desean viajar o emigrar a Estados Unidos, especialmente en un a\u00f1o marcado por elecciones en ese pa\u00eds, alta movilidad internacional y el Mundial 2026.<\/p><p style=\"font-weight: 400;\"><strong>\u25c9 \u00bfC\u00f3mo describe el momento migratorio actual en Estados Unidos?<\/strong><\/p><p style=\"font-weight: 400;\">Definitivamente es un momento \u201cdenso\u201d, ese es un calificativo muy ilustrativo de lo que estamos viviendo. La administraci\u00f3n actual ha adoptado una postura muy adversarial frente a todo tipo de migraci\u00f3n, incluso la migraci\u00f3n legal. No es algo exclusivo hacia Colombia, pero s\u00ed es cierto que aplica a algunos pa\u00edses y Colombia es uno de ellos.<\/p><p style=\"font-weight: 400;\"><strong>\u25c9 Para los colombianos que desean viajar o emigrar a EE UU, \u00bfqu\u00e9 deben tener claro antes de iniciar un proceso?<\/strong><\/p><p style=\"font-weight: 400;\">Hay que diferenciar dos contextos: el de los colombianos que ingresan de manera temporal y el de quienes buscan entrar como inmigrantes permanentes. Un No Inmigrante es, por ejemplo, un turista. Un Inmigrante es alguien que solicita residencia permanente, usualmente por medio de un familiar. Esa diferencia es clave saberla.<\/p><p style=\"font-weight: 400;\">En este momento, las visas de Inmigrante para Colombia est\u00e1n suspendidas desde el 21 de enero de 2026. Eso afecta directamente a quienes esperan residencia por v\u00eda familiar.<\/p><p style=\"font-weight: 400;\"><strong>\u25c9 \u00bfY qu\u00e9 ocurre con las visas de turismo?<\/strong><\/p><p style=\"font-weight: 400;\">Las personas que ya tienen su visa aprobada pueden viajar. El mayor problema lo enfrentan quienes van a solicitar visa por primera vez o a renovarla. Las pol\u00edticas se han endurecido considerablemente. Uno de los enfoques actuales es el concepto de \u201ccarga p\u00fablica\u201d: la preocupaci\u00f3n de que la persona pueda recibir beneficios del gobierno que no le corresponden. Por eso ahora se exige demostrar con mayor contundencia que el visitante no trabajar\u00e1 ilegalmente ni solicitar\u00e1 beneficios indebidos.<\/p><p style=\"font-weight: 400;\"><strong>\u25c9 Con el Mundial 2026 en el horizonte, \u00bfc\u00f3mo cambia el panorama para quienes planean viajar legalmente?<\/strong><\/p><p style=\"font-weight: 400;\">La clave es la planeaci\u00f3n. La entrada y la salida deben estar organizadas. Cuando una persona llega a un aeropuerto en Estados Unidos, el oficial de entrada eval\u00faa si tiene la capacidad financiera para mantenerse durante el tiempo que solicita permanecer en el pa\u00eds. Debe poder demostrar:<\/p><ul style=\"font-weight: 400;\"><li>Fondos suficientes.<\/li><li>Direcci\u00f3n exacta donde se hospedar\u00e1.<\/li><li>Reserva de hotel o datos precisos del lugar donde se quedar\u00e1.<\/li><li>Informaci\u00f3n clara y coherente.<\/li><\/ul><p style=\"font-weight: 400;\">Muchas personas fallan en detalles simples, como no saber la direcci\u00f3n donde se hospedar\u00e1n. Eso puede convertirse en un problema serio.<\/p><p style=\"font-weight: 400;\"><strong>\u25c9 Usted mencion\u00f3 un tema delicado: la revisi\u00f3n de tel\u00e9fonos celulares. \u00bfEs cierto que pueden revisarlos?<\/strong><\/p><p style=\"font-weight: 400;\">S\u00ed. Actualmente, los oficiales de entrada tienen discreci\u00f3n para revisar el contenido del tel\u00e9fono celular e incluso la laptop. Rehusarse a permitir la revisi\u00f3n puede convertirse en causal de inadmisi\u00f3n, porque puede interpretarse como obstrucci\u00f3n a una investigaci\u00f3n para determinar si la persona representa alg\u00fan riesgo. Es fundamental tener cuidado con la informaci\u00f3n almacenada en los dispositivos electr\u00f3nicos.<\/p><p style=\"font-weight: 400;\"><strong>\u25c9 Existe la percepci\u00f3n de que los oficiales ya tienen una decisi\u00f3n tomada antes de la entrevista consular. \u00bfEs mito o realidad?<\/strong><\/p><p style=\"font-weight: 400;\">Se dice que el oficial consular puede determinar en segundos si una persona ser\u00e1 aprobada o no. Incluso hay quienes afirman que desde que el solicitante camina hacia la ventanilla ya existe una impresi\u00f3n preliminar. M\u00e1s all\u00e1 de si eso es cierto, s\u00ed es importante acudir a entrevistas consulares y a controles migratorios con respeto, coherencia y preparaci\u00f3n. Incluso detalles como la vestimenta pueden influir en la percepci\u00f3n del oficial.<\/p><p style=\"font-weight: 400;\"><strong>\u25c9 \u00bfCu\u00e1l es su recomendaci\u00f3n final para quienes desean emigrar o viajar?<\/strong><\/p><p style=\"font-weight: 400;\">Asesorarse adecuadamente. El mundo migratorio est\u00e1 lleno de leyendas urbanas. En este momento es imperativo consultar con un abogado de inmigraci\u00f3n antes de tomar decisiones. Porque actualmente, ante la duda, esta administraci\u00f3n niega.<\/p><p style=\"font-weight: 400;\"><strong>\u25c9 Contacto<\/strong><\/p><p style=\"font-weight: 400;\"><em>WHATSAPP DIRECTO:<br \/><\/em>+1 (786) 825-7333<\/p>\t\t\t\t\t\t\t\t<\/div>\n\t\t\t\t<\/div>\n\t\t\t\t\t<\/div>\n\t\t\t\t<\/div>\n\t\t\t\t<\/div>\n\t\t","protected":false},"excerpt":{"rendered":"<p>En entrevista con periodistas colombianos del programa Ecos del Norte\u00a0de la emirosa\u00a0La Voz del Norte, el abogado de inmigraci\u00f3n\u00a0Javier Montano Miranda analiz\u00f3 el panorama actual migratorio para los colombianos que [&hellip;]<\/p>\n","protected":false},"author":9,"featured_media":39157,"comment_status":"closed","ping_status":"open","sticky":false,"template":"","format":"standard","meta":{"footnotes":""},"categories":[1],"tags":[],"class_list":["post-39155","post","type-post","status-publish","format-standard","has-post-thumbnail","hentry","category-lawyers"],"yoast_head":"<!-- This site is optimized with the Yoast SEO plugin v27.4 - https:\/\/yoast.com\/product\/yoast-seo-wordpress\/ -->\n<title>Javier Montano Miranda analiza el panorama de visas para colombianos en La Voz del Norte<\/title>\n<meta name=\"robots\" content=\"index, follow, max-snippet:-1, max-image-preview:large, max-video-preview:-1\" \/>\n<link rel=\"canonical\" href=\"https:\/\/montanomiranda.com\/es\/javier-montano-miranda-analiza-el-panorama-de-visas-para-colombianos-en-la-voz-del-norte\/\" \/>\n<meta property=\"og:locale\" content=\"es_ES\" \/>\n<meta property=\"og:type\" content=\"article\" \/>\n<meta property=\"og:title\" content=\"Javier Montano Miranda analiza el panorama de visas para colombianos en La Voz del Norte\" \/>\n<meta property=\"og:description\" content=\"En entrevista con periodistas colombianos del programa Ecos del Norte\u00a0de la emirosa\u00a0La Voz del Norte, el abogado de inmigraci\u00f3n\u00a0Javier Montano Miranda analiz\u00f3 el panorama actual migratorio para los colombianos que [&hellip;]\" \/>\n<meta property=\"og:url\" content=\"https:\/\/montanomiranda.com\/es\/javier-montano-miranda-analiza-el-panorama-de-visas-para-colombianos-en-la-voz-del-norte\/\" \/>\n<meta property=\"og:site_name\" content=\"Montano Miranda - Abogado de inmigrac\u00edon en Miami\" \/>\n<meta property=\"article:published_time\" content=\"2026-02-14T18:25:12+00:00\" \/>\n<meta property=\"article:modified_time\" content=\"2026-02-14T18:37:50+00:00\" \/>\n<meta property=\"og:image\" content=\"https:\/\/montanomiranda.com\/wp-content\/uploads\/2026\/02\/WhatsApp-Image-2026-02-14-at-14.27.53.jpeg\" \/>\n\t<meta property=\"og:image:width\" content=\"1125\" \/>\n\t<meta property=\"og:image:height\" content=\"592\" \/>\n\t<meta property=\"og:image:type\" content=\"image\/jpeg\" \/>\n<meta name=\"author\" content=\"joseramon\" \/>\n<meta name=\"twitter:card\" content=\"summary_large_image\" \/>\n<meta name=\"twitter:label1\" content=\"Escrito por\" \/>\n\t<meta name=\"twitter:data1\" content=\"joseramon\" \/>\n\t<meta name=\"twitter:label2\" content=\"Tiempo de lectura\" \/>\n\t<meta name=\"twitter:data2\" content=\"3 minutos\" \/>\n<script type=\"application\/ld+json\" class=\"yoast-schema-graph\">{\"@context\":\"https:\\\/\\\/schema.org\",\"@graph\":[{\"@type\":\"Article\",\"@id\":\"https:\\\/\\\/montanomiranda.com\\\/javier-montano-miranda-analiza-el-panorama-de-visas-para-colombianos-en-la-voz-del-norte\\\/#article\",\"isPartOf\":{\"@id\":\"https:\\\/\\\/montanomiranda.com\\\/javier-montano-miranda-analiza-el-panorama-de-visas-para-colombianos-en-la-voz-del-norte\\\/\"},\"author\":{\"name\":\"joseramon\",\"@id\":\"https:\\\/\\\/montanomiranda.com\\\/es\\\/#\\\/schema\\\/person\\\/78466cc62152e5f8d5d72adbf41a459b\"},\"headline\":\"Javier Montano Miranda analiza el panorama de visas para colombianos en La Voz del Norte\",\"datePublished\":\"2026-02-14T18:25:12+00:00\",\"dateModified\":\"2026-02-14T18:37:50+00:00\",\"mainEntityOfPage\":{\"@id\":\"https:\\\/\\\/montanomiranda.com\\\/javier-montano-miranda-analiza-el-panorama-de-visas-para-colombianos-en-la-voz-del-norte\\\/\"},\"wordCount\":676,\"publisher\":{\"@id\":\"https:\\\/\\\/montanomiranda.com\\\/es\\\/#organization\"},\"image\":{\"@id\":\"https:\\\/\\\/montanomiranda.com\\\/javier-montano-miranda-analiza-el-panorama-de-visas-para-colombianos-en-la-voz-del-norte\\\/#primaryimage\"},\"thumbnailUrl\":\"https:\\\/\\\/montanomiranda.com\\\/wp-content\\\/uploads\\\/2026\\\/02\\\/WhatsApp-Image-2026-02-14-at-14.27.53.jpeg\",\"articleSection\":[\"Lawyers\"],\"inLanguage\":\"es\"},{\"@type\":\"WebPage\",\"@id\":\"https:\\\/\\\/montanomiranda.com\\\/javier-montano-miranda-analiza-el-panorama-de-visas-para-colombianos-en-la-voz-del-norte\\\/\",\"url\":\"https:\\\/\\\/montanomiranda.com\\\/javier-montano-miranda-analiza-el-panorama-de-visas-para-colombianos-en-la-voz-del-norte\\\/\",\"name\":\"Javier Montano Miranda analiza el panorama de visas para colombianos en La Voz del Norte\",\"isPartOf\":{\"@id\":\"https:\\\/\\\/montanomiranda.com\\\/es\\\/#website\"},\"primaryImageOfPage\":{\"@id\":\"https:\\\/\\\/montanomiranda.com\\\/javier-montano-miranda-analiza-el-panorama-de-visas-para-colombianos-en-la-voz-del-norte\\\/#primaryimage\"},\"image\":{\"@id\":\"https:\\\/\\\/montanomiranda.com\\\/javier-montano-miranda-analiza-el-panorama-de-visas-para-colombianos-en-la-voz-del-norte\\\/#primaryimage\"},\"thumbnailUrl\":\"https:\\\/\\\/montanomiranda.com\\\/wp-content\\\/uploads\\\/2026\\\/02\\\/WhatsApp-Image-2026-02-14-at-14.27.53.jpeg\",\"datePublished\":\"2026-02-14T18:25:12+00:00\",\"dateModified\":\"2026-02-14T18:37:50+00:00\",\"breadcrumb\":{\"@id\":\"https:\\\/\\\/montanomiranda.com\\\/javier-montano-miranda-analiza-el-panorama-de-visas-para-colombianos-en-la-voz-del-norte\\\/#breadcrumb\"},\"inLanguage\":\"es\",\"potentialAction\":[{\"@type\":\"ReadAction\",\"target\":[\"https:\\\/\\\/montanomiranda.com\\\/javier-montano-miranda-analiza-el-panorama-de-visas-para-colombianos-en-la-voz-del-norte\\\/\"]}]},{\"@type\":\"ImageObject\",\"inLanguage\":\"es\",\"@id\":\"https:\\\/\\\/montanomiranda.com\\\/javier-montano-miranda-analiza-el-panorama-de-visas-para-colombianos-en-la-voz-del-norte\\\/#primaryimage\",\"url\":\"https:\\\/\\\/montanomiranda.com\\\/wp-content\\\/uploads\\\/2026\\\/02\\\/WhatsApp-Image-2026-02-14-at-14.27.53.jpeg\",\"contentUrl\":\"https:\\\/\\\/montanomiranda.com\\\/wp-content\\\/uploads\\\/2026\\\/02\\\/WhatsApp-Image-2026-02-14-at-14.27.53.jpeg\",\"width\":1125,\"height\":592},{\"@type\":\"BreadcrumbList\",\"@id\":\"https:\\\/\\\/montanomiranda.com\\\/javier-montano-miranda-analiza-el-panorama-de-visas-para-colombianos-en-la-voz-del-norte\\\/#breadcrumb\",\"itemListElement\":[{\"@type\":\"ListItem\",\"position\":1,\"name\":\"Home\",\"item\":\"https:\\\/\\\/montanomiranda.com\\\/\"},{\"@type\":\"ListItem\",\"position\":2,\"name\":\"Javier Montano Miranda analiza el panorama de visas para colombianos en La Voz del Norte\"}]},{\"@type\":\"WebSite\",\"@id\":\"https:\\\/\\\/montanomiranda.com\\\/es\\\/#website\",\"url\":\"https:\\\/\\\/montanomiranda.com\\\/es\\\/\",\"name\":\"Montano Miranda - Servicio de asosor\u00eda legal - Abogado de tr\u00e1mites migratorios EEUU\",\"description\":\"Montano Miranda - Servicio de asesor\u00eda legal - Abogado de tr\u00e1mites migratorios Miami\",\"publisher\":{\"@id\":\"https:\\\/\\\/montanomiranda.com\\\/es\\\/#organization\"},\"potentialAction\":[{\"@type\":\"SearchAction\",\"target\":{\"@type\":\"EntryPoint\",\"urlTemplate\":\"https:\\\/\\\/montanomiranda.com\\\/es\\\/?s={search_term_string}\"},\"query-input\":{\"@type\":\"PropertyValueSpecification\",\"valueRequired\":true,\"valueName\":\"search_term_string\"}}],\"inLanguage\":\"es\"},{\"@type\":\"Organization\",\"@id\":\"https:\\\/\\\/montanomiranda.com\\\/es\\\/#organization\",\"name\":\"Montano Miranda - Servicios de asesor\u00eda legal\",\"url\":\"https:\\\/\\\/montanomiranda.com\\\/es\\\/\",\"logo\":{\"@type\":\"ImageObject\",\"inLanguage\":\"es\",\"@id\":\"https:\\\/\\\/montanomiranda.com\\\/es\\\/#\\\/schema\\\/logo\\\/image\\\/\",\"url\":\"https:\\\/\\\/montanomiranda.com\\\/wp-content\\\/uploads\\\/2023\\\/07\\\/cropped-Untitled-design-12.png\",\"contentUrl\":\"https:\\\/\\\/montanomiranda.com\\\/wp-content\\\/uploads\\\/2023\\\/07\\\/cropped-Untitled-design-12.png\",\"width\":512,\"height\":512,\"caption\":\"Montano Miranda - Servicios de asesor\u00eda legal\"},\"image\":{\"@id\":\"https:\\\/\\\/montanomiranda.com\\\/es\\\/#\\\/schema\\\/logo\\\/image\\\/\"}},{\"@type\":\"Person\",\"@id\":\"https:\\\/\\\/montanomiranda.com\\\/es\\\/#\\\/schema\\\/person\\\/78466cc62152e5f8d5d72adbf41a459b\",\"name\":\"joseramon\",\"image\":{\"@type\":\"ImageObject\",\"inLanguage\":\"es\",\"@id\":\"https:\\\/\\\/secure.gravatar.com\\\/avatar\\\/fe8f4562cb51f9157f5a68b120d7342b98c67520619593fd8ea26a46913fdea2?s=96&d=mm&r=g\",\"url\":\"https:\\\/\\\/secure.gravatar.com\\\/avatar\\\/fe8f4562cb51f9157f5a68b120d7342b98c67520619593fd8ea26a46913fdea2?s=96&d=mm&r=g\",\"contentUrl\":\"https:\\\/\\\/secure.gravatar.com\\\/avatar\\\/fe8f4562cb51f9157f5a68b120d7342b98c67520619593fd8ea26a46913fdea2?s=96&d=mm&r=g\",\"caption\":\"joseramon\"}}]}<\/script>\n<!-- \/ Yoast SEO plugin. -->","yoast_head_json":{"title":"Javier Montano Miranda analiza el panorama de visas para colombianos en La Voz del Norte","robots":{"index":"index","follow":"follow","max-snippet":"max-snippet:-1","max-image-preview":"max-image-preview:large","max-video-preview":"max-video-preview:-1"},"canonical":"https:\/\/montanomiranda.com\/es\/javier-montano-miranda-analiza-el-panorama-de-visas-para-colombianos-en-la-voz-del-norte\/","og_locale":"es_ES","og_type":"article","og_title":"Javier Montano Miranda analiza el panorama de visas para colombianos en La Voz del Norte","og_description":"En entrevista con periodistas colombianos del programa Ecos del Norte\u00a0de la emirosa\u00a0La Voz del Norte, el abogado de inmigraci\u00f3n\u00a0Javier Montano Miranda analiz\u00f3 el panorama actual migratorio para los colombianos que [&hellip;]","og_url":"https:\/\/montanomiranda.com\/es\/javier-montano-miranda-analiza-el-panorama-de-visas-para-colombianos-en-la-voz-del-norte\/","og_site_name":"Montano Miranda - Abogado de inmigrac\u00edon en Miami","article_published_time":"2026-02-14T18:25:12+00:00","article_modified_time":"2026-02-14T18:37:50+00:00","og_image":[{"width":1125,"height":592,"url":"https:\/\/montanomiranda.com\/wp-content\/uploads\/2026\/02\/WhatsApp-Image-2026-02-14-at-14.27.53.jpeg","type":"image\/jpeg"}],"author":"joseramon","twitter_card":"summary_large_image","twitter_misc":{"Escrito por":"joseramon","Tiempo de lectura":"3 minutos"},"schema":{"@context":"https:\/\/schema.org","@graph":[{"@type":"Article","@id":"https:\/\/montanomiranda.com\/javier-montano-miranda-analiza-el-panorama-de-visas-para-colombianos-en-la-voz-del-norte\/#article","isPartOf":{"@id":"https:\/\/montanomiranda.com\/javier-montano-miranda-analiza-el-panorama-de-visas-para-colombianos-en-la-voz-del-norte\/"},"author":{"name":"joseramon","@id":"https:\/\/montanomiranda.com\/es\/#\/schema\/person\/78466cc62152e5f8d5d72adbf41a459b"},"headline":"Javier Montano Miranda analiza el panorama de visas para colombianos en La Voz del Norte","datePublished":"2026-02-14T18:25:12+00:00","dateModified":"2026-02-14T18:37:50+00:00","mainEntityOfPage":{"@id":"https:\/\/montanomiranda.com\/javier-montano-miranda-analiza-el-panorama-de-visas-para-colombianos-en-la-voz-del-norte\/"},"wordCount":676,"publisher":{"@id":"https:\/\/montanomiranda.com\/es\/#organization"},"image":{"@id":"https:\/\/montanomiranda.com\/javier-montano-miranda-analiza-el-panorama-de-visas-para-colombianos-en-la-voz-del-norte\/#primaryimage"},"thumbnailUrl":"https:\/\/montanomiranda.com\/wp-content\/uploads\/2026\/02\/WhatsApp-Image-2026-02-14-at-14.27.53.jpeg","articleSection":["Lawyers"],"inLanguage":"es"},{"@type":"WebPage","@id":"https:\/\/montanomiranda.com\/javier-montano-miranda-analiza-el-panorama-de-visas-para-colombianos-en-la-voz-del-norte\/","url":"https:\/\/montanomiranda.com\/javier-montano-miranda-analiza-el-panorama-de-visas-para-colombianos-en-la-voz-del-norte\/","name":"Javier Montano Miranda analiza el panorama de visas para colombianos en La Voz del Norte","isPartOf":{"@id":"https:\/\/montanomiranda.com\/es\/#website"},"primaryImageOfPage":{"@id":"https:\/\/montanomiranda.com\/javier-montano-miranda-analiza-el-panorama-de-visas-para-colombianos-en-la-voz-del-norte\/#primaryimage"},"image":{"@id":"https:\/\/montanomiranda.com\/javier-montano-miranda-analiza-el-panorama-de-visas-para-colombianos-en-la-voz-del-norte\/#primaryimage"},"thumbnailUrl":"https:\/\/montanomiranda.com\/wp-content\/uploads\/2026\/02\/WhatsApp-Image-2026-02-14-at-14.27.53.jpeg","datePublished":"2026-02-14T18:25:12+00:00","dateModified":"2026-02-14T18:37:50+00:00","breadcrumb":{"@id":"https:\/\/montanomiranda.com\/javier-montano-miranda-analiza-el-panorama-de-visas-para-colombianos-en-la-voz-del-norte\/#breadcrumb"},"inLanguage":"es","potentialAction":[{"@type":"ReadAction","target":["https:\/\/montanomiranda.com\/javier-montano-miranda-analiza-el-panorama-de-visas-para-colombianos-en-la-voz-del-norte\/"]}]},{"@type":"ImageObject","inLanguage":"es","@id":"https:\/\/montanomiranda.com\/javier-montano-miranda-analiza-el-panorama-de-visas-para-colombianos-en-la-voz-del-norte\/#primaryimage","url":"https:\/\/montanomiranda.com\/wp-content\/uploads\/2026\/02\/WhatsApp-Image-2026-02-14-at-14.27.53.jpeg","contentUrl":"https:\/\/montanomiranda.com\/wp-content\/uploads\/2026\/02\/WhatsApp-Image-2026-02-14-at-14.27.53.jpeg","width":1125,"height":592},{"@type":"BreadcrumbList","@id":"https:\/\/montanomiranda.com\/javier-montano-miranda-analiza-el-panorama-de-visas-para-colombianos-en-la-voz-del-norte\/#breadcrumb","itemListElement":[{"@type":"ListItem","position":1,"name":"Home","item":"https:\/\/montanomiranda.com\/"},{"@type":"ListItem","position":2,"name":"Javier Montano Miranda analiza el panorama de visas para colombianos en La Voz del Norte"}]},{"@type":"WebSite","@id":"https:\/\/montanomiranda.com\/es\/#website","url":"https:\/\/montanomiranda.com\/es\/","name":"Montano Miranda - Servicio de asosor\u00eda legal - Abogado de tr\u00e1mites migratorios EEUU","description":"Montano Miranda - Servicio de asesor\u00eda legal - Abogado de tr\u00e1mites migratorios Miami","publisher":{"@id":"https:\/\/montanomiranda.com\/es\/#organization"},"potentialAction":[{"@type":"SearchAction","target":{"@type":"EntryPoint","urlTemplate":"https:\/\/montanomiranda.com\/es\/?s={search_term_string}"},"query-input":{"@type":"PropertyValueSpecification","valueRequired":true,"valueName":"search_term_string"}}],"inLanguage":"es"},{"@type":"Organization","@id":"https:\/\/montanomiranda.com\/es\/#organization","name":"Montano Miranda - Servicios de asesor\u00eda legal","url":"https:\/\/montanomiranda.com\/es\/","logo":{"@type":"ImageObject","inLanguage":"es","@id":"https:\/\/montanomiranda.com\/es\/#\/schema\/logo\/image\/","url":"https:\/\/montanomiranda.com\/wp-content\/uploads\/2023\/07\/cropped-Untitled-design-12.png","contentUrl":"https:\/\/montanomiranda.com\/wp-content\/uploads\/2023\/07\/cropped-Untitled-design-12.png","width":512,"height":512,"caption":"Montano Miranda - Servicios de asesor\u00eda legal"},"image":{"@id":"https:\/\/montanomiranda.com\/es\/#\/schema\/logo\/image\/"}},{"@type":"Person","@id":"https:\/\/montanomiranda.com\/es\/#\/schema\/person\/78466cc62152e5f8d5d72adbf41a459b","name":"joseramon","image":{"@type":"ImageObject","inLanguage":"es","@id":"https:\/\/secure.gravatar.com\/avatar\/fe8f4562cb51f9157f5a68b120d7342b98c67520619593fd8ea26a46913fdea2?s=96&d=mm&r=g","url":"https:\/\/secure.gravatar.com\/avatar\/fe8f4562cb51f9157f5a68b120d7342b98c67520619593fd8ea26a46913fdea2?s=96&d=mm&r=g","contentUrl":"https:\/\/secure.gravatar.com\/avatar\/fe8f4562cb51f9157f5a68b120d7342b98c67520619593fd8ea26a46913fdea2?s=96&d=mm&r=g","caption":"joseramon"}}]}},"_links":{"self":[{"href":"https:\/\/montanomiranda.com\/es\/wp-json\/wp\/v2\/posts\/39155","targetHints":{"allow":["GET"]}}],"collection":[{"href":"https:\/\/montanomiranda.com\/es\/wp-json\/wp\/v2\/posts"}],"about":[{"href":"https:\/\/montanomiranda.com\/es\/wp-json\/wp\/v2\/types\/post"}],"author":[{"embeddable":true,"href":"https:\/\/montanomiranda.com\/es\/wp-json\/wp\/v2\/users\/9"}],"replies":[{"embeddable":true,"href":"https:\/\/montanomiranda.com\/es\/wp-json\/wp\/v2\/comments?post=39155"}],"version-history":[{"count":5,"href":"https:\/\/montanomiranda.com\/es\/wp-json\/wp\/v2\/posts\/39155\/revisions"}],"predecessor-version":[{"id":39172,"href":"https:\/\/montanomiranda.com\/es\/wp-json\/wp\/v2\/posts\/39155\/revisions\/39172"}],"wp:featuredmedia":[{"embeddable":true,"href":"https:\/\/montanomiranda.com\/es\/wp-json\/wp\/v2\/media\/39157"}],"wp:attachment":[{"href":"https:\/\/montanomiranda.com\/es\/wp-json\/wp\/v2\/media?parent=39155"}],"wp:term":[{"taxonomy":"category","embeddable":true,"href":"https:\/\/montanomiranda.com\/es\/wp-json\/wp\/v2\/categories?post=39155"},{"taxonomy":"post_tag","embeddable":true,"href":"https:\/\/montanomiranda.com\/es\/wp-json\/wp\/v2\/tags?post=39155"}],"curies":[{"name":"wp","href":"https:\/\/api.w.org\/{rel}","templated":true}]}}