{"id":38899,"date":"2025-11-01T21:42:35","date_gmt":"2025-11-01T21:42:35","guid":{"rendered":"https:\/\/montanomiranda.com\/?p=38899"},"modified":"2025-11-01T21:43:33","modified_gmt":"2025-11-01T21:43:33","slug":"dhs-anuncia-fin-de-la-extension-automatica-de-los-permisos-de-trabajo-temporales-ead","status":"publish","type":"post","link":"https:\/\/montanomiranda.com\/es\/dhs-anuncia-fin-de-la-extension-automatica-de-los-permisos-de-trabajo-temporales-ead\/","title":{"rendered":"DHS anuncia fin de la extensi\u00f3n autom\u00e1tica de los permisos de trabajo temporales (EAD"},"content":{"rendered":"\t\t<div data-elementor-type=\"wp-post\" data-elementor-id=\"38899\" class=\"elementor elementor-38899\" data-elementor-post-type=\"post\">\n\t\t\t\t<div class=\"elementor-element elementor-element-03891cc e-flex e-con-boxed e-con e-parent\" data-id=\"03891cc\" data-element_type=\"container\" data-e-type=\"container\">\n\t\t\t\t\t<div class=\"e-con-inner\">\n\t\t\t\t<div class=\"elementor-element elementor-element-4ce5701 elementor-widget elementor-widget-text-editor\" data-id=\"4ce5701\" data-element_type=\"widget\" data-e-type=\"widget\" data-widget_type=\"text-editor.default\">\n\t\t\t\t<div class=\"elementor-widget-container\">\n\t\t\t\t\t\t\t\t\t<p>\ud83d\udd34 El Departamento de Seguridad Nacional (DHS) anunci\u00f3 que a partir del 30 de octubre de 2025 quedar\u00e1 eliminada la extensi\u00f3n autom\u00e1tica de los permisos de trabajo temporales (EAD).<\/p><p><br \/>\ud83d\udc49 Esto significa que quienes soliciten la renovaci\u00f3n de su EAD despu\u00e9s de esa fecha deber\u00e1n esperar una resoluci\u00f3n favorable para poder seguir trabajando legalmente.<br \/>\ud83d\udc49 Se elimina la pr\u00f3rroga de hasta 540 d\u00edas que hab\u00eda permitido mantener la autorizaci\u00f3n laboral mientras se procesaba la renovaci\u00f3n.<br \/>\ud83d\udc49 Solo se except\u00faan casos muy puntuales establecidos por ley o notificaci\u00f3n especial federal.<br \/>Este cambio impactar\u00e1 a miles de inmigrantes y empresas en Estados Unidos, marcando un giro en la pol\u00edtica administrativa migratoria bajo el argumento de seguridad nacional.<\/p><p><br \/>\ud83d\udccc En Montano Miranda Law seguimos de cerca estas actualizaciones legales para orientarte en cada paso de tu proceso migratorio.<br \/>L\u00ednea directa: \u202a+1 (786) 825-7333\u202c<\/p><p><br \/>\ud83c\udf10<a href=\"http:\/\/www.montanomiranda.com\"> www.montanomiranda.com<\/a><\/p>\t\t\t\t\t\t\t\t<\/div>\n\t\t\t\t<\/div>\n\t\t\t\t\t<\/div>\n\t\t\t\t<\/div>\n\t\t\t\t<\/div>\n\t\t","protected":false},"excerpt":{"rendered":"","protected":false},"author":9,"featured_media":38900,"comment_status":"closed","ping_status":"open","sticky":false,"template":"","format":"standard","meta":{"footnotes":""},"categories":[1],"tags":[],"class_list":["post-38899","post","type-post","status-publish","format-standard","has-post-thumbnail","hentry","category-lawyers"],"yoast_head":"<!-- This site is optimized with the Yoast SEO plugin v27.5 - https:\/\/yoast.com\/product\/yoast-seo-wordpress\/ -->\n<title>DHS anuncia fin de la extensi\u00f3n autom\u00e1tica de los permisos de trabajo temporales (EAD<\/title>\n<meta name=\"robots\" content=\"index, follow, max-snippet:-1, max-image-preview:large, max-video-preview:-1\" \/>\n<link rel=\"canonical\" href=\"https:\/\/montanomiranda.com\/es\/dhs-anuncia-fin-de-la-extension-automatica-de-los-permisos-de-trabajo-temporales-ead\/\" \/>\n<meta property=\"og:locale\" content=\"es_ES\" \/>\n<meta property=\"og:type\" content=\"article\" \/>\n<meta property=\"og:title\" content=\"DHS anuncia fin de la extensi\u00f3n autom\u00e1tica de los permisos de trabajo temporales (EAD\" \/>\n<meta property=\"og:url\" content=\"https:\/\/montanomiranda.com\/es\/dhs-anuncia-fin-de-la-extension-automatica-de-los-permisos-de-trabajo-temporales-ead\/\" \/>\n<meta property=\"og:site_name\" content=\"Montano Miranda - Abogado de inmigrac\u00edon en Miami\" \/>\n<meta property=\"article:published_time\" content=\"2025-11-01T21:42:35+00:00\" \/>\n<meta property=\"article:modified_time\" content=\"2025-11-01T21:43:33+00:00\" \/>\n<meta property=\"og:image\" content=\"https:\/\/montanomiranda.com\/wp-content\/uploads\/2025\/11\/WORK-PERMIT-USA.jpg\" \/>\n\t<meta property=\"og:image:width\" content=\"860\" \/>\n\t<meta property=\"og:image:height\" content=\"484\" \/>\n\t<meta property=\"og:image:type\" content=\"image\/jpeg\" \/>\n<meta name=\"author\" content=\"joseramon\" \/>\n<meta name=\"twitter:card\" content=\"summary_large_image\" \/>\n<meta name=\"twitter:label1\" content=\"Escrito por\" \/>\n\t<meta name=\"twitter:data1\" content=\"joseramon\" \/>\n\t<meta name=\"twitter:label2\" content=\"Tiempo de lectura\" \/>\n\t<meta name=\"twitter:data2\" content=\"2 minutos\" \/>\n<script type=\"application\/ld+json\" class=\"yoast-schema-graph\">{\"@context\":\"https:\\\/\\\/schema.org\",\"@graph\":[{\"@type\":\"Article\",\"@id\":\"https:\\\/\\\/montanomiranda.com\\\/en\\\/dhs-anuncia-fin-de-la-extension-automatica-de-los-permisos-de-trabajo-temporales-ead\\\/#article\",\"isPartOf\":{\"@id\":\"https:\\\/\\\/montanomiranda.com\\\/en\\\/dhs-anuncia-fin-de-la-extension-automatica-de-los-permisos-de-trabajo-temporales-ead\\\/\"},\"author\":{\"name\":\"joseramon\",\"@id\":\"https:\\\/\\\/montanomiranda.com\\\/es\\\/#\\\/schema\\\/person\\\/78466cc62152e5f8d5d72adbf41a459b\"},\"headline\":\"DHS anuncia fin de la extensi\u00f3n autom\u00e1tica de los permisos de trabajo temporales (EAD\",\"datePublished\":\"2025-11-01T21:42:35+00:00\",\"dateModified\":\"2025-11-01T21:43:33+00:00\",\"mainEntityOfPage\":{\"@id\":\"https:\\\/\\\/montanomiranda.com\\\/en\\\/dhs-anuncia-fin-de-la-extension-automatica-de-los-permisos-de-trabajo-temporales-ead\\\/\"},\"wordCount\":16,\"publisher\":{\"@id\":\"https:\\\/\\\/montanomiranda.com\\\/es\\\/#organization\"},\"image\":{\"@id\":\"https:\\\/\\\/montanomiranda.com\\\/en\\\/dhs-anuncia-fin-de-la-extension-automatica-de-los-permisos-de-trabajo-temporales-ead\\\/#primaryimage\"},\"thumbnailUrl\":\"https:\\\/\\\/montanomiranda.com\\\/wp-content\\\/uploads\\\/2025\\\/11\\\/WORK-PERMIT-USA.jpg\",\"articleSection\":[\"Lawyers\"],\"inLanguage\":\"es\"},{\"@type\":\"WebPage\",\"@id\":\"https:\\\/\\\/montanomiranda.com\\\/en\\\/dhs-anuncia-fin-de-la-extension-automatica-de-los-permisos-de-trabajo-temporales-ead\\\/\",\"url\":\"https:\\\/\\\/montanomiranda.com\\\/en\\\/dhs-anuncia-fin-de-la-extension-automatica-de-los-permisos-de-trabajo-temporales-ead\\\/\",\"name\":\"DHS anuncia fin de la extensi\u00f3n autom\u00e1tica de los permisos de trabajo temporales (EAD\",\"isPartOf\":{\"@id\":\"https:\\\/\\\/montanomiranda.com\\\/es\\\/#website\"},\"primaryImageOfPage\":{\"@id\":\"https:\\\/\\\/montanomiranda.com\\\/en\\\/dhs-anuncia-fin-de-la-extension-automatica-de-los-permisos-de-trabajo-temporales-ead\\\/#primaryimage\"},\"image\":{\"@id\":\"https:\\\/\\\/montanomiranda.com\\\/en\\\/dhs-anuncia-fin-de-la-extension-automatica-de-los-permisos-de-trabajo-temporales-ead\\\/#primaryimage\"},\"thumbnailUrl\":\"https:\\\/\\\/montanomiranda.com\\\/wp-content\\\/uploads\\\/2025\\\/11\\\/WORK-PERMIT-USA.jpg\",\"datePublished\":\"2025-11-01T21:42:35+00:00\",\"dateModified\":\"2025-11-01T21:43:33+00:00\",\"breadcrumb\":{\"@id\":\"https:\\\/\\\/montanomiranda.com\\\/en\\\/dhs-anuncia-fin-de-la-extension-automatica-de-los-permisos-de-trabajo-temporales-ead\\\/#breadcrumb\"},\"inLanguage\":\"es\",\"potentialAction\":[{\"@type\":\"ReadAction\",\"target\":[\"https:\\\/\\\/montanomiranda.com\\\/en\\\/dhs-anuncia-fin-de-la-extension-automatica-de-los-permisos-de-trabajo-temporales-ead\\\/\"]}]},{\"@type\":\"ImageObject\",\"inLanguage\":\"es\",\"@id\":\"https:\\\/\\\/montanomiranda.com\\\/en\\\/dhs-anuncia-fin-de-la-extension-automatica-de-los-permisos-de-trabajo-temporales-ead\\\/#primaryimage\",\"url\":\"https:\\\/\\\/montanomiranda.com\\\/wp-content\\\/uploads\\\/2025\\\/11\\\/WORK-PERMIT-USA.jpg\",\"contentUrl\":\"https:\\\/\\\/montanomiranda.com\\\/wp-content\\\/uploads\\\/2025\\\/11\\\/WORK-PERMIT-USA.jpg\",\"width\":860,\"height\":484},{\"@type\":\"BreadcrumbList\",\"@id\":\"https:\\\/\\\/montanomiranda.com\\\/en\\\/dhs-anuncia-fin-de-la-extension-automatica-de-los-permisos-de-trabajo-temporales-ead\\\/#breadcrumb\",\"itemListElement\":[{\"@type\":\"ListItem\",\"position\":1,\"name\":\"Home\",\"item\":\"https:\\\/\\\/montanomiranda.com\\\/\"},{\"@type\":\"ListItem\",\"position\":2,\"name\":\"DHS anuncia fin de la extensi\u00f3n autom\u00e1tica de los permisos de trabajo temporales (EAD\"}]},{\"@type\":\"WebSite\",\"@id\":\"https:\\\/\\\/montanomiranda.com\\\/es\\\/#website\",\"url\":\"https:\\\/\\\/montanomiranda.com\\\/es\\\/\",\"name\":\"Montano Miranda - Servicio de asosor\u00eda legal - Abogado de tr\u00e1mites migratorios EEUU\",\"description\":\"Montano Miranda - Servicio de asesor\u00eda legal - Abogado de tr\u00e1mites migratorios Miami\",\"publisher\":{\"@id\":\"https:\\\/\\\/montanomiranda.com\\\/es\\\/#organization\"},\"potentialAction\":[{\"@type\":\"SearchAction\",\"target\":{\"@type\":\"EntryPoint\",\"urlTemplate\":\"https:\\\/\\\/montanomiranda.com\\\/es\\\/?s={search_term_string}\"},\"query-input\":{\"@type\":\"PropertyValueSpecification\",\"valueRequired\":true,\"valueName\":\"search_term_string\"}}],\"inLanguage\":\"es\"},{\"@type\":\"Organization\",\"@id\":\"https:\\\/\\\/montanomiranda.com\\\/es\\\/#organization\",\"name\":\"Montano Miranda - Servicios de asesor\u00eda legal\",\"url\":\"https:\\\/\\\/montanomiranda.com\\\/es\\\/\",\"logo\":{\"@type\":\"ImageObject\",\"inLanguage\":\"es\",\"@id\":\"https:\\\/\\\/montanomiranda.com\\\/es\\\/#\\\/schema\\\/logo\\\/image\\\/\",\"url\":\"https:\\\/\\\/montanomiranda.com\\\/wp-content\\\/uploads\\\/2023\\\/07\\\/cropped-Untitled-design-12.png\",\"contentUrl\":\"https:\\\/\\\/montanomiranda.com\\\/wp-content\\\/uploads\\\/2023\\\/07\\\/cropped-Untitled-design-12.png\",\"width\":512,\"height\":512,\"caption\":\"Montano Miranda - Servicios de asesor\u00eda legal\"},\"image\":{\"@id\":\"https:\\\/\\\/montanomiranda.com\\\/es\\\/#\\\/schema\\\/logo\\\/image\\\/\"}},{\"@type\":\"Person\",\"@id\":\"https:\\\/\\\/montanomiranda.com\\\/es\\\/#\\\/schema\\\/person\\\/78466cc62152e5f8d5d72adbf41a459b\",\"name\":\"joseramon\",\"image\":{\"@type\":\"ImageObject\",\"inLanguage\":\"es\",\"@id\":\"https:\\\/\\\/secure.gravatar.com\\\/avatar\\\/fe8f4562cb51f9157f5a68b120d7342b98c67520619593fd8ea26a46913fdea2?s=96&d=mm&r=g\",\"url\":\"https:\\\/\\\/secure.gravatar.com\\\/avatar\\\/fe8f4562cb51f9157f5a68b120d7342b98c67520619593fd8ea26a46913fdea2?s=96&d=mm&r=g\",\"contentUrl\":\"https:\\\/\\\/secure.gravatar.com\\\/avatar\\\/fe8f4562cb51f9157f5a68b120d7342b98c67520619593fd8ea26a46913fdea2?s=96&d=mm&r=g\",\"caption\":\"joseramon\"}}]}<\/script>\n<!-- \/ Yoast SEO plugin. -->","yoast_head_json":{"title":"DHS anuncia fin de la extensi\u00f3n autom\u00e1tica de los permisos de trabajo temporales (EAD","robots":{"index":"index","follow":"follow","max-snippet":"max-snippet:-1","max-image-preview":"max-image-preview:large","max-video-preview":"max-video-preview:-1"},"canonical":"https:\/\/montanomiranda.com\/es\/dhs-anuncia-fin-de-la-extension-automatica-de-los-permisos-de-trabajo-temporales-ead\/","og_locale":"es_ES","og_type":"article","og_title":"DHS anuncia fin de la extensi\u00f3n autom\u00e1tica de los permisos de trabajo temporales (EAD","og_url":"https:\/\/montanomiranda.com\/es\/dhs-anuncia-fin-de-la-extension-automatica-de-los-permisos-de-trabajo-temporales-ead\/","og_site_name":"Montano Miranda - Abogado de inmigrac\u00edon en Miami","article_published_time":"2025-11-01T21:42:35+00:00","article_modified_time":"2025-11-01T21:43:33+00:00","og_image":[{"width":860,"height":484,"url":"https:\/\/montanomiranda.com\/wp-content\/uploads\/2025\/11\/WORK-PERMIT-USA.jpg","type":"image\/jpeg"}],"author":"joseramon","twitter_card":"summary_large_image","twitter_misc":{"Escrito por":"joseramon","Tiempo de lectura":"2 minutos"},"schema":{"@context":"https:\/\/schema.org","@graph":[{"@type":"Article","@id":"https:\/\/montanomiranda.com\/en\/dhs-anuncia-fin-de-la-extension-automatica-de-los-permisos-de-trabajo-temporales-ead\/#article","isPartOf":{"@id":"https:\/\/montanomiranda.com\/en\/dhs-anuncia-fin-de-la-extension-automatica-de-los-permisos-de-trabajo-temporales-ead\/"},"author":{"name":"joseramon","@id":"https:\/\/montanomiranda.com\/es\/#\/schema\/person\/78466cc62152e5f8d5d72adbf41a459b"},"headline":"DHS anuncia fin de la extensi\u00f3n autom\u00e1tica de los permisos de trabajo temporales (EAD","datePublished":"2025-11-01T21:42:35+00:00","dateModified":"2025-11-01T21:43:33+00:00","mainEntityOfPage":{"@id":"https:\/\/montanomiranda.com\/en\/dhs-anuncia-fin-de-la-extension-automatica-de-los-permisos-de-trabajo-temporales-ead\/"},"wordCount":16,"publisher":{"@id":"https:\/\/montanomiranda.com\/es\/#organization"},"image":{"@id":"https:\/\/montanomiranda.com\/en\/dhs-anuncia-fin-de-la-extension-automatica-de-los-permisos-de-trabajo-temporales-ead\/#primaryimage"},"thumbnailUrl":"https:\/\/montanomiranda.com\/wp-content\/uploads\/2025\/11\/WORK-PERMIT-USA.jpg","articleSection":["Lawyers"],"inLanguage":"es"},{"@type":"WebPage","@id":"https:\/\/montanomiranda.com\/en\/dhs-anuncia-fin-de-la-extension-automatica-de-los-permisos-de-trabajo-temporales-ead\/","url":"https:\/\/montanomiranda.com\/en\/dhs-anuncia-fin-de-la-extension-automatica-de-los-permisos-de-trabajo-temporales-ead\/","name":"DHS anuncia fin de la extensi\u00f3n autom\u00e1tica de los permisos de trabajo temporales (EAD","isPartOf":{"@id":"https:\/\/montanomiranda.com\/es\/#website"},"primaryImageOfPage":{"@id":"https:\/\/montanomiranda.com\/en\/dhs-anuncia-fin-de-la-extension-automatica-de-los-permisos-de-trabajo-temporales-ead\/#primaryimage"},"image":{"@id":"https:\/\/montanomiranda.com\/en\/dhs-anuncia-fin-de-la-extension-automatica-de-los-permisos-de-trabajo-temporales-ead\/#primaryimage"},"thumbnailUrl":"https:\/\/montanomiranda.com\/wp-content\/uploads\/2025\/11\/WORK-PERMIT-USA.jpg","datePublished":"2025-11-01T21:42:35+00:00","dateModified":"2025-11-01T21:43:33+00:00","breadcrumb":{"@id":"https:\/\/montanomiranda.com\/en\/dhs-anuncia-fin-de-la-extension-automatica-de-los-permisos-de-trabajo-temporales-ead\/#breadcrumb"},"inLanguage":"es","potentialAction":[{"@type":"ReadAction","target":["https:\/\/montanomiranda.com\/en\/dhs-anuncia-fin-de-la-extension-automatica-de-los-permisos-de-trabajo-temporales-ead\/"]}]},{"@type":"ImageObject","inLanguage":"es","@id":"https:\/\/montanomiranda.com\/en\/dhs-anuncia-fin-de-la-extension-automatica-de-los-permisos-de-trabajo-temporales-ead\/#primaryimage","url":"https:\/\/montanomiranda.com\/wp-content\/uploads\/2025\/11\/WORK-PERMIT-USA.jpg","contentUrl":"https:\/\/montanomiranda.com\/wp-content\/uploads\/2025\/11\/WORK-PERMIT-USA.jpg","width":860,"height":484},{"@type":"BreadcrumbList","@id":"https:\/\/montanomiranda.com\/en\/dhs-anuncia-fin-de-la-extension-automatica-de-los-permisos-de-trabajo-temporales-ead\/#breadcrumb","itemListElement":[{"@type":"ListItem","position":1,"name":"Home","item":"https:\/\/montanomiranda.com\/"},{"@type":"ListItem","position":2,"name":"DHS anuncia fin de la extensi\u00f3n autom\u00e1tica de los permisos de trabajo temporales (EAD"}]},{"@type":"WebSite","@id":"https:\/\/montanomiranda.com\/es\/#website","url":"https:\/\/montanomiranda.com\/es\/","name":"Montano Miranda - Servicio de asosor\u00eda legal - Abogado de tr\u00e1mites migratorios EEUU","description":"Montano Miranda - Servicio de asesor\u00eda legal - Abogado de tr\u00e1mites migratorios Miami","publisher":{"@id":"https:\/\/montanomiranda.com\/es\/#organization"},"potentialAction":[{"@type":"SearchAction","target":{"@type":"EntryPoint","urlTemplate":"https:\/\/montanomiranda.com\/es\/?s={search_term_string}"},"query-input":{"@type":"PropertyValueSpecification","valueRequired":true,"valueName":"search_term_string"}}],"inLanguage":"es"},{"@type":"Organization","@id":"https:\/\/montanomiranda.com\/es\/#organization","name":"Montano Miranda - Servicios de asesor\u00eda legal","url":"https:\/\/montanomiranda.com\/es\/","logo":{"@type":"ImageObject","inLanguage":"es","@id":"https:\/\/montanomiranda.com\/es\/#\/schema\/logo\/image\/","url":"https:\/\/montanomiranda.com\/wp-content\/uploads\/2023\/07\/cropped-Untitled-design-12.png","contentUrl":"https:\/\/montanomiranda.com\/wp-content\/uploads\/2023\/07\/cropped-Untitled-design-12.png","width":512,"height":512,"caption":"Montano Miranda - Servicios de asesor\u00eda legal"},"image":{"@id":"https:\/\/montanomiranda.com\/es\/#\/schema\/logo\/image\/"}},{"@type":"Person","@id":"https:\/\/montanomiranda.com\/es\/#\/schema\/person\/78466cc62152e5f8d5d72adbf41a459b","name":"joseramon","image":{"@type":"ImageObject","inLanguage":"es","@id":"https:\/\/secure.gravatar.com\/avatar\/fe8f4562cb51f9157f5a68b120d7342b98c67520619593fd8ea26a46913fdea2?s=96&d=mm&r=g","url":"https:\/\/secure.gravatar.com\/avatar\/fe8f4562cb51f9157f5a68b120d7342b98c67520619593fd8ea26a46913fdea2?s=96&d=mm&r=g","contentUrl":"https:\/\/secure.gravatar.com\/avatar\/fe8f4562cb51f9157f5a68b120d7342b98c67520619593fd8ea26a46913fdea2?s=96&d=mm&r=g","caption":"joseramon"}}]}},"_links":{"self":[{"href":"https:\/\/montanomiranda.com\/es\/wp-json\/wp\/v2\/posts\/38899","targetHints":{"allow":["GET"]}}],"collection":[{"href":"https:\/\/montanomiranda.com\/es\/wp-json\/wp\/v2\/posts"}],"about":[{"href":"https:\/\/montanomiranda.com\/es\/wp-json\/wp\/v2\/types\/post"}],"author":[{"embeddable":true,"href":"https:\/\/montanomiranda.com\/es\/wp-json\/wp\/v2\/users\/9"}],"replies":[{"embeddable":true,"href":"https:\/\/montanomiranda.com\/es\/wp-json\/wp\/v2\/comments?post=38899"}],"version-history":[{"count":3,"href":"https:\/\/montanomiranda.com\/es\/wp-json\/wp\/v2\/posts\/38899\/revisions"}],"predecessor-version":[{"id":38903,"href":"https:\/\/montanomiranda.com\/es\/wp-json\/wp\/v2\/posts\/38899\/revisions\/38903"}],"wp:featuredmedia":[{"embeddable":true,"href":"https:\/\/montanomiranda.com\/es\/wp-json\/wp\/v2\/media\/38900"}],"wp:attachment":[{"href":"https:\/\/montanomiranda.com\/es\/wp-json\/wp\/v2\/media?parent=38899"}],"wp:term":[{"taxonomy":"category","embeddable":true,"href":"https:\/\/montanomiranda.com\/es\/wp-json\/wp\/v2\/categories?post=38899"},{"taxonomy":"post_tag","embeddable":true,"href":"https:\/\/montanomiranda.com\/es\/wp-json\/wp\/v2\/tags?post=38899"}],"curies":[{"name":"wp","href":"https:\/\/api.w.org\/{rel}","templated":true}]}}