{"id":38122,"date":"2025-03-25T23:33:07","date_gmt":"2025-03-25T23:33:07","guid":{"rendered":"https:\/\/montanomiranda.com\/?p=38122"},"modified":"2025-03-25T23:33:25","modified_gmt":"2025-03-25T23:33:25","slug":"audiencia-judicial-sobre-el-tps-concluye-sin-decision-inmediata","status":"publish","type":"post","link":"https:\/\/montanomiranda.com\/es\/audiencia-judicial-sobre-el-tps-concluye-sin-decision-inmediata\/","title":{"rendered":"Audiencia Judicial sobre el TPS concluye sin decisi\u00f3n inmediata"},"content":{"rendered":"\t\t<div data-elementor-type=\"wp-post\" data-elementor-id=\"38122\" class=\"elementor elementor-38122\" data-elementor-post-type=\"post\">\n\t\t\t\t<div class=\"elementor-element elementor-element-6b070ce e-flex e-con-boxed e-con e-parent\" data-id=\"6b070ce\" data-element_type=\"container\" data-e-type=\"container\">\n\t\t\t\t\t<div class=\"e-con-inner\">\n\t\t\t\t<div class=\"elementor-element elementor-element-9df81aa elementor-widget elementor-widget-text-editor\" data-id=\"9df81aa\" data-element_type=\"widget\" data-e-type=\"widget\" data-widget_type=\"text-editor.default\">\n\t\t\t\t<div class=\"elementor-widget-container\">\n\t\t\t\t\t\t\t\t\t<p>La reciente audiencia judicial sobre el Estatus de Protecci\u00f3n Temporal (TPS) reuni\u00f3 a una amplia representaci\u00f3n de la comunidad migrante, quienes siguen atentos al desarrollo del caso. Durante la sesi\u00f3n, el juez escuch\u00f3 argumentos clave sobre el impacto que una posible modificaci\u00f3n de este estatus tendr\u00eda en miles de personas y sus familias.<\/p><p>M\u00e1s de mil personas se conectaron virtualmente para seguir la audiencia, mientras que numerosos titulares de TPS y miembros de la comunidad se congregaron en las afueras del tribunal para expresar su respaldo. Los participantes destacaron las contribuciones econ\u00f3micas y sociales de los beneficiarios del TPS en Estados Unidos, enfatizando la importancia de contar con claridad respecto a su futuro migratorio.<\/p><p>\u201cEl juez mostr\u00f3 inter\u00e9s en comprender las implicaciones de esta medida y plante\u00f3 preguntas fundamentales sobre la situaci\u00f3n de los titulares de TPS\u201d, se\u00f1alaron representantes de organizaciones involucradas en el proceso legal.<\/p><p>Actualmente, el TPS brinda protecci\u00f3n a m\u00e1s de 600,000 personas, muchas de las cuales han construido su vida en el pa\u00eds, con familias de estatus migratorio mixto y contribuciones significativas en diversos sectores laborales. En la audiencia, se subray\u00f3 la necesidad de una resoluci\u00f3n pronta, dado el impacto que la incertidumbre puede generar en miles de familias.<\/p><p>Las organizaciones y l\u00edderes comunitarios reiteraron su compromiso de continuar informando y apoyando a las personas afectadas mientras se espera la decisi\u00f3n judicial.<\/p>\t\t\t\t\t\t\t\t<\/div>\n\t\t\t\t<\/div>\n\t\t\t\t\t<\/div>\n\t\t\t\t<\/div>\n\t\t\t\t<\/div>\n\t\t","protected":false},"excerpt":{"rendered":"<p>La reciente audiencia judicial sobre el Estatus de Protecci\u00f3n Temporal (TPS) reuni\u00f3 a una amplia representaci\u00f3n de la comunidad migrante, quienes siguen atentos al desarrollo del caso. Durante la sesi\u00f3n, [&hellip;]<\/p>\n","protected":false},"author":9,"featured_media":38124,"comment_status":"closed","ping_status":"open","sticky":false,"template":"","format":"standard","meta":{"footnotes":""},"categories":[1],"tags":[],"class_list":["post-38122","post","type-post","status-publish","format-standard","has-post-thumbnail","hentry","category-lawyers"],"yoast_head":"<!-- This site is optimized with the Yoast SEO plugin v27.5 - https:\/\/yoast.com\/product\/yoast-seo-wordpress\/ -->\n<title>Audiencia Judicial sobre el TPS concluye sin decisi\u00f3n inmediata<\/title>\n<meta name=\"robots\" content=\"index, follow, max-snippet:-1, max-image-preview:large, max-video-preview:-1\" \/>\n<link rel=\"canonical\" href=\"https:\/\/montanomiranda.com\/es\/audiencia-judicial-sobre-el-tps-concluye-sin-decision-inmediata\/\" \/>\n<meta property=\"og:locale\" content=\"es_ES\" \/>\n<meta property=\"og:type\" content=\"article\" \/>\n<meta property=\"og:title\" content=\"Audiencia Judicial sobre el TPS concluye sin decisi\u00f3n inmediata\" \/>\n<meta property=\"og:description\" content=\"La reciente audiencia judicial sobre el Estatus de Protecci\u00f3n Temporal (TPS) reuni\u00f3 a una amplia representaci\u00f3n de la comunidad migrante, quienes siguen atentos al desarrollo del caso. Durante la sesi\u00f3n, [&hellip;]\" \/>\n<meta property=\"og:url\" content=\"https:\/\/montanomiranda.com\/es\/audiencia-judicial-sobre-el-tps-concluye-sin-decision-inmediata\/\" \/>\n<meta property=\"og:site_name\" content=\"Montano Miranda - Abogado de inmigrac\u00edon en Miami\" \/>\n<meta property=\"article:published_time\" content=\"2025-03-25T23:33:07+00:00\" \/>\n<meta property=\"article:modified_time\" content=\"2025-03-25T23:33:25+00:00\" \/>\n<meta property=\"og:image\" content=\"https:\/\/montanomiranda.com\/wp-content\/uploads\/2025\/03\/corte-de-los-angeles.jpg\" \/>\n\t<meta property=\"og:image:width\" content=\"1017\" \/>\n\t<meta property=\"og:image:height\" content=\"730\" \/>\n\t<meta property=\"og:image:type\" content=\"image\/jpeg\" \/>\n<meta name=\"author\" content=\"joseramon\" \/>\n<meta name=\"twitter:card\" content=\"summary_large_image\" \/>\n<meta name=\"twitter:label1\" content=\"Escrito por\" \/>\n\t<meta name=\"twitter:data1\" content=\"joseramon\" \/>\n\t<meta name=\"twitter:label2\" content=\"Tiempo de lectura\" \/>\n\t<meta name=\"twitter:data2\" content=\"1 minuto\" \/>\n<script type=\"application\/ld+json\" class=\"yoast-schema-graph\">{\"@context\":\"https:\\\/\\\/schema.org\",\"@graph\":[{\"@type\":\"Article\",\"@id\":\"https:\\\/\\\/montanomiranda.com\\\/en\\\/audiencia-judicial-sobre-el-tps-concluye-sin-decision-inmediata\\\/#article\",\"isPartOf\":{\"@id\":\"https:\\\/\\\/montanomiranda.com\\\/en\\\/audiencia-judicial-sobre-el-tps-concluye-sin-decision-inmediata\\\/\"},\"author\":{\"name\":\"joseramon\",\"@id\":\"https:\\\/\\\/montanomiranda.com\\\/es\\\/#\\\/schema\\\/person\\\/78466cc62152e5f8d5d72adbf41a459b\"},\"headline\":\"Audiencia Judicial sobre el TPS concluye sin decisi\u00f3n inmediata\",\"datePublished\":\"2025-03-25T23:33:07+00:00\",\"dateModified\":\"2025-03-25T23:33:25+00:00\",\"mainEntityOfPage\":{\"@id\":\"https:\\\/\\\/montanomiranda.com\\\/en\\\/audiencia-judicial-sobre-el-tps-concluye-sin-decision-inmediata\\\/\"},\"wordCount\":251,\"publisher\":{\"@id\":\"https:\\\/\\\/montanomiranda.com\\\/es\\\/#organization\"},\"image\":{\"@id\":\"https:\\\/\\\/montanomiranda.com\\\/en\\\/audiencia-judicial-sobre-el-tps-concluye-sin-decision-inmediata\\\/#primaryimage\"},\"thumbnailUrl\":\"https:\\\/\\\/montanomiranda.com\\\/wp-content\\\/uploads\\\/2025\\\/03\\\/corte-de-los-angeles.jpg\",\"articleSection\":[\"Lawyers\"],\"inLanguage\":\"es\"},{\"@type\":\"WebPage\",\"@id\":\"https:\\\/\\\/montanomiranda.com\\\/en\\\/audiencia-judicial-sobre-el-tps-concluye-sin-decision-inmediata\\\/\",\"url\":\"https:\\\/\\\/montanomiranda.com\\\/en\\\/audiencia-judicial-sobre-el-tps-concluye-sin-decision-inmediata\\\/\",\"name\":\"Audiencia Judicial sobre el TPS concluye sin decisi\u00f3n inmediata\",\"isPartOf\":{\"@id\":\"https:\\\/\\\/montanomiranda.com\\\/es\\\/#website\"},\"primaryImageOfPage\":{\"@id\":\"https:\\\/\\\/montanomiranda.com\\\/en\\\/audiencia-judicial-sobre-el-tps-concluye-sin-decision-inmediata\\\/#primaryimage\"},\"image\":{\"@id\":\"https:\\\/\\\/montanomiranda.com\\\/en\\\/audiencia-judicial-sobre-el-tps-concluye-sin-decision-inmediata\\\/#primaryimage\"},\"thumbnailUrl\":\"https:\\\/\\\/montanomiranda.com\\\/wp-content\\\/uploads\\\/2025\\\/03\\\/corte-de-los-angeles.jpg\",\"datePublished\":\"2025-03-25T23:33:07+00:00\",\"dateModified\":\"2025-03-25T23:33:25+00:00\",\"breadcrumb\":{\"@id\":\"https:\\\/\\\/montanomiranda.com\\\/en\\\/audiencia-judicial-sobre-el-tps-concluye-sin-decision-inmediata\\\/#breadcrumb\"},\"inLanguage\":\"es\",\"potentialAction\":[{\"@type\":\"ReadAction\",\"target\":[\"https:\\\/\\\/montanomiranda.com\\\/en\\\/audiencia-judicial-sobre-el-tps-concluye-sin-decision-inmediata\\\/\"]}]},{\"@type\":\"ImageObject\",\"inLanguage\":\"es\",\"@id\":\"https:\\\/\\\/montanomiranda.com\\\/en\\\/audiencia-judicial-sobre-el-tps-concluye-sin-decision-inmediata\\\/#primaryimage\",\"url\":\"https:\\\/\\\/montanomiranda.com\\\/wp-content\\\/uploads\\\/2025\\\/03\\\/corte-de-los-angeles.jpg\",\"contentUrl\":\"https:\\\/\\\/montanomiranda.com\\\/wp-content\\\/uploads\\\/2025\\\/03\\\/corte-de-los-angeles.jpg\",\"width\":1017,\"height\":730},{\"@type\":\"BreadcrumbList\",\"@id\":\"https:\\\/\\\/montanomiranda.com\\\/en\\\/audiencia-judicial-sobre-el-tps-concluye-sin-decision-inmediata\\\/#breadcrumb\",\"itemListElement\":[{\"@type\":\"ListItem\",\"position\":1,\"name\":\"Home\",\"item\":\"https:\\\/\\\/montanomiranda.com\\\/\"},{\"@type\":\"ListItem\",\"position\":2,\"name\":\"Audiencia Judicial sobre el TPS concluye sin decisi\u00f3n inmediata\"}]},{\"@type\":\"WebSite\",\"@id\":\"https:\\\/\\\/montanomiranda.com\\\/es\\\/#website\",\"url\":\"https:\\\/\\\/montanomiranda.com\\\/es\\\/\",\"name\":\"Montano Miranda - Servicio de asosor\u00eda legal - Abogado de tr\u00e1mites migratorios EEUU\",\"description\":\"Montano Miranda - Servicio de asesor\u00eda legal - Abogado de tr\u00e1mites migratorios Miami\",\"publisher\":{\"@id\":\"https:\\\/\\\/montanomiranda.com\\\/es\\\/#organization\"},\"potentialAction\":[{\"@type\":\"SearchAction\",\"target\":{\"@type\":\"EntryPoint\",\"urlTemplate\":\"https:\\\/\\\/montanomiranda.com\\\/es\\\/?s={search_term_string}\"},\"query-input\":{\"@type\":\"PropertyValueSpecification\",\"valueRequired\":true,\"valueName\":\"search_term_string\"}}],\"inLanguage\":\"es\"},{\"@type\":\"Organization\",\"@id\":\"https:\\\/\\\/montanomiranda.com\\\/es\\\/#organization\",\"name\":\"Montano Miranda - Servicios de asesor\u00eda legal\",\"url\":\"https:\\\/\\\/montanomiranda.com\\\/es\\\/\",\"logo\":{\"@type\":\"ImageObject\",\"inLanguage\":\"es\",\"@id\":\"https:\\\/\\\/montanomiranda.com\\\/es\\\/#\\\/schema\\\/logo\\\/image\\\/\",\"url\":\"https:\\\/\\\/montanomiranda.com\\\/wp-content\\\/uploads\\\/2023\\\/07\\\/cropped-Untitled-design-12.png\",\"contentUrl\":\"https:\\\/\\\/montanomiranda.com\\\/wp-content\\\/uploads\\\/2023\\\/07\\\/cropped-Untitled-design-12.png\",\"width\":512,\"height\":512,\"caption\":\"Montano Miranda - Servicios de asesor\u00eda legal\"},\"image\":{\"@id\":\"https:\\\/\\\/montanomiranda.com\\\/es\\\/#\\\/schema\\\/logo\\\/image\\\/\"}},{\"@type\":\"Person\",\"@id\":\"https:\\\/\\\/montanomiranda.com\\\/es\\\/#\\\/schema\\\/person\\\/78466cc62152e5f8d5d72adbf41a459b\",\"name\":\"joseramon\",\"image\":{\"@type\":\"ImageObject\",\"inLanguage\":\"es\",\"@id\":\"https:\\\/\\\/secure.gravatar.com\\\/avatar\\\/fe8f4562cb51f9157f5a68b120d7342b98c67520619593fd8ea26a46913fdea2?s=96&d=mm&r=g\",\"url\":\"https:\\\/\\\/secure.gravatar.com\\\/avatar\\\/fe8f4562cb51f9157f5a68b120d7342b98c67520619593fd8ea26a46913fdea2?s=96&d=mm&r=g\",\"contentUrl\":\"https:\\\/\\\/secure.gravatar.com\\\/avatar\\\/fe8f4562cb51f9157f5a68b120d7342b98c67520619593fd8ea26a46913fdea2?s=96&d=mm&r=g\",\"caption\":\"joseramon\"}}]}<\/script>\n<!-- \/ Yoast SEO plugin. -->","yoast_head_json":{"title":"Audiencia Judicial sobre el TPS concluye sin decisi\u00f3n inmediata","robots":{"index":"index","follow":"follow","max-snippet":"max-snippet:-1","max-image-preview":"max-image-preview:large","max-video-preview":"max-video-preview:-1"},"canonical":"https:\/\/montanomiranda.com\/es\/audiencia-judicial-sobre-el-tps-concluye-sin-decision-inmediata\/","og_locale":"es_ES","og_type":"article","og_title":"Audiencia Judicial sobre el TPS concluye sin decisi\u00f3n inmediata","og_description":"La reciente audiencia judicial sobre el Estatus de Protecci\u00f3n Temporal (TPS) reuni\u00f3 a una amplia representaci\u00f3n de la comunidad migrante, quienes siguen atentos al desarrollo del caso. Durante la sesi\u00f3n, [&hellip;]","og_url":"https:\/\/montanomiranda.com\/es\/audiencia-judicial-sobre-el-tps-concluye-sin-decision-inmediata\/","og_site_name":"Montano Miranda - Abogado de inmigrac\u00edon en Miami","article_published_time":"2025-03-25T23:33:07+00:00","article_modified_time":"2025-03-25T23:33:25+00:00","og_image":[{"width":1017,"height":730,"url":"https:\/\/montanomiranda.com\/wp-content\/uploads\/2025\/03\/corte-de-los-angeles.jpg","type":"image\/jpeg"}],"author":"joseramon","twitter_card":"summary_large_image","twitter_misc":{"Escrito por":"joseramon","Tiempo de lectura":"1 minuto"},"schema":{"@context":"https:\/\/schema.org","@graph":[{"@type":"Article","@id":"https:\/\/montanomiranda.com\/en\/audiencia-judicial-sobre-el-tps-concluye-sin-decision-inmediata\/#article","isPartOf":{"@id":"https:\/\/montanomiranda.com\/en\/audiencia-judicial-sobre-el-tps-concluye-sin-decision-inmediata\/"},"author":{"name":"joseramon","@id":"https:\/\/montanomiranda.com\/es\/#\/schema\/person\/78466cc62152e5f8d5d72adbf41a459b"},"headline":"Audiencia Judicial sobre el TPS concluye sin decisi\u00f3n inmediata","datePublished":"2025-03-25T23:33:07+00:00","dateModified":"2025-03-25T23:33:25+00:00","mainEntityOfPage":{"@id":"https:\/\/montanomiranda.com\/en\/audiencia-judicial-sobre-el-tps-concluye-sin-decision-inmediata\/"},"wordCount":251,"publisher":{"@id":"https:\/\/montanomiranda.com\/es\/#organization"},"image":{"@id":"https:\/\/montanomiranda.com\/en\/audiencia-judicial-sobre-el-tps-concluye-sin-decision-inmediata\/#primaryimage"},"thumbnailUrl":"https:\/\/montanomiranda.com\/wp-content\/uploads\/2025\/03\/corte-de-los-angeles.jpg","articleSection":["Lawyers"],"inLanguage":"es"},{"@type":"WebPage","@id":"https:\/\/montanomiranda.com\/en\/audiencia-judicial-sobre-el-tps-concluye-sin-decision-inmediata\/","url":"https:\/\/montanomiranda.com\/en\/audiencia-judicial-sobre-el-tps-concluye-sin-decision-inmediata\/","name":"Audiencia Judicial sobre el TPS concluye sin decisi\u00f3n inmediata","isPartOf":{"@id":"https:\/\/montanomiranda.com\/es\/#website"},"primaryImageOfPage":{"@id":"https:\/\/montanomiranda.com\/en\/audiencia-judicial-sobre-el-tps-concluye-sin-decision-inmediata\/#primaryimage"},"image":{"@id":"https:\/\/montanomiranda.com\/en\/audiencia-judicial-sobre-el-tps-concluye-sin-decision-inmediata\/#primaryimage"},"thumbnailUrl":"https:\/\/montanomiranda.com\/wp-content\/uploads\/2025\/03\/corte-de-los-angeles.jpg","datePublished":"2025-03-25T23:33:07+00:00","dateModified":"2025-03-25T23:33:25+00:00","breadcrumb":{"@id":"https:\/\/montanomiranda.com\/en\/audiencia-judicial-sobre-el-tps-concluye-sin-decision-inmediata\/#breadcrumb"},"inLanguage":"es","potentialAction":[{"@type":"ReadAction","target":["https:\/\/montanomiranda.com\/en\/audiencia-judicial-sobre-el-tps-concluye-sin-decision-inmediata\/"]}]},{"@type":"ImageObject","inLanguage":"es","@id":"https:\/\/montanomiranda.com\/en\/audiencia-judicial-sobre-el-tps-concluye-sin-decision-inmediata\/#primaryimage","url":"https:\/\/montanomiranda.com\/wp-content\/uploads\/2025\/03\/corte-de-los-angeles.jpg","contentUrl":"https:\/\/montanomiranda.com\/wp-content\/uploads\/2025\/03\/corte-de-los-angeles.jpg","width":1017,"height":730},{"@type":"BreadcrumbList","@id":"https:\/\/montanomiranda.com\/en\/audiencia-judicial-sobre-el-tps-concluye-sin-decision-inmediata\/#breadcrumb","itemListElement":[{"@type":"ListItem","position":1,"name":"Home","item":"https:\/\/montanomiranda.com\/"},{"@type":"ListItem","position":2,"name":"Audiencia Judicial sobre el TPS concluye sin decisi\u00f3n inmediata"}]},{"@type":"WebSite","@id":"https:\/\/montanomiranda.com\/es\/#website","url":"https:\/\/montanomiranda.com\/es\/","name":"Montano Miranda - Servicio de asosor\u00eda legal - Abogado de tr\u00e1mites migratorios EEUU","description":"Montano Miranda - Servicio de asesor\u00eda legal - Abogado de tr\u00e1mites migratorios Miami","publisher":{"@id":"https:\/\/montanomiranda.com\/es\/#organization"},"potentialAction":[{"@type":"SearchAction","target":{"@type":"EntryPoint","urlTemplate":"https:\/\/montanomiranda.com\/es\/?s={search_term_string}"},"query-input":{"@type":"PropertyValueSpecification","valueRequired":true,"valueName":"search_term_string"}}],"inLanguage":"es"},{"@type":"Organization","@id":"https:\/\/montanomiranda.com\/es\/#organization","name":"Montano Miranda - Servicios de asesor\u00eda legal","url":"https:\/\/montanomiranda.com\/es\/","logo":{"@type":"ImageObject","inLanguage":"es","@id":"https:\/\/montanomiranda.com\/es\/#\/schema\/logo\/image\/","url":"https:\/\/montanomiranda.com\/wp-content\/uploads\/2023\/07\/cropped-Untitled-design-12.png","contentUrl":"https:\/\/montanomiranda.com\/wp-content\/uploads\/2023\/07\/cropped-Untitled-design-12.png","width":512,"height":512,"caption":"Montano Miranda - Servicios de asesor\u00eda legal"},"image":{"@id":"https:\/\/montanomiranda.com\/es\/#\/schema\/logo\/image\/"}},{"@type":"Person","@id":"https:\/\/montanomiranda.com\/es\/#\/schema\/person\/78466cc62152e5f8d5d72adbf41a459b","name":"joseramon","image":{"@type":"ImageObject","inLanguage":"es","@id":"https:\/\/secure.gravatar.com\/avatar\/fe8f4562cb51f9157f5a68b120d7342b98c67520619593fd8ea26a46913fdea2?s=96&d=mm&r=g","url":"https:\/\/secure.gravatar.com\/avatar\/fe8f4562cb51f9157f5a68b120d7342b98c67520619593fd8ea26a46913fdea2?s=96&d=mm&r=g","contentUrl":"https:\/\/secure.gravatar.com\/avatar\/fe8f4562cb51f9157f5a68b120d7342b98c67520619593fd8ea26a46913fdea2?s=96&d=mm&r=g","caption":"joseramon"}}]}},"_links":{"self":[{"href":"https:\/\/montanomiranda.com\/es\/wp-json\/wp\/v2\/posts\/38122","targetHints":{"allow":["GET"]}}],"collection":[{"href":"https:\/\/montanomiranda.com\/es\/wp-json\/wp\/v2\/posts"}],"about":[{"href":"https:\/\/montanomiranda.com\/es\/wp-json\/wp\/v2\/types\/post"}],"author":[{"embeddable":true,"href":"https:\/\/montanomiranda.com\/es\/wp-json\/wp\/v2\/users\/9"}],"replies":[{"embeddable":true,"href":"https:\/\/montanomiranda.com\/es\/wp-json\/wp\/v2\/comments?post=38122"}],"version-history":[{"count":5,"href":"https:\/\/montanomiranda.com\/es\/wp-json\/wp\/v2\/posts\/38122\/revisions"}],"predecessor-version":[{"id":38128,"href":"https:\/\/montanomiranda.com\/es\/wp-json\/wp\/v2\/posts\/38122\/revisions\/38128"}],"wp:featuredmedia":[{"embeddable":true,"href":"https:\/\/montanomiranda.com\/es\/wp-json\/wp\/v2\/media\/38124"}],"wp:attachment":[{"href":"https:\/\/montanomiranda.com\/es\/wp-json\/wp\/v2\/media?parent=38122"}],"wp:term":[{"taxonomy":"category","embeddable":true,"href":"https:\/\/montanomiranda.com\/es\/wp-json\/wp\/v2\/categories?post=38122"},{"taxonomy":"post_tag","embeddable":true,"href":"https:\/\/montanomiranda.com\/es\/wp-json\/wp\/v2\/tags?post=38122"}],"curies":[{"name":"wp","href":"https:\/\/api.w.org\/{rel}","templated":true}]}}