{"id":35852,"date":"2023-11-10T16:51:35","date_gmt":"2023-11-10T16:51:35","guid":{"rendered":"https:\/\/montanomiranda.com\/?p=35852"},"modified":"2024-04-03T13:38:05","modified_gmt":"2024-04-03T13:38:05","slug":"puntos-claves-sobre-la-visa-e-2-inversionista-por-tratado-comercial","status":"publish","type":"post","link":"https:\/\/montanomiranda.com\/es\/puntos-claves-sobre-la-visa-e-2-inversionista-por-tratado-comercial\/","title":{"rendered":"Puntos claves sobre la Visa E-2 Inversionista por Tratado Comercial"},"content":{"rendered":"\t\t<div data-elementor-type=\"wp-post\" data-elementor-id=\"35852\" class=\"elementor elementor-35852\" data-elementor-post-type=\"post\">\n\t\t\t\t<div class=\"elementor-element elementor-element-7df0673d e-flex e-con-boxed e-con e-parent\" data-id=\"7df0673d\" data-element_type=\"container\" data-e-type=\"container\">\n\t\t\t\t\t<div class=\"e-con-inner\">\n\t\t\t\t<div class=\"elementor-element elementor-element-7d1fc54b elementor-widget elementor-widget-text-editor\" data-id=\"7d1fc54b\" data-element_type=\"widget\" data-e-type=\"widget\" data-widget_type=\"text-editor.default\">\n\t\t\t\t<div class=\"elementor-widget-container\">\n\t\t\t\t\t\t\t\t\t\n<p><strong><span style=\"vertical-align: inherit;\"><span style=\"vertical-align: inherit;\"><span style=\"vertical-align: inherit;\"><span style=\"vertical-align: inherit;\"><span style=\"vertical-align: inherit;\"><span style=\"vertical-align: inherit;\"><span style=\"vertical-align: inherit;\"><span style=\"vertical-align: inherit;\"><span style=\"vertical-align: inherit;\"><span style=\"vertical-align: inherit;\"><span style=\"vertical-align: inherit;\"><span style=\"vertical-align: inherit;\"><span style=\"vertical-align: inherit;\"><span style=\"vertical-align: inherit;\">QU\u00c9 ES \u21a0 La VISA E-2 <\/span><\/span><\/span><\/span><\/span><\/span><\/span><\/span><\/span><\/span><\/span><\/span><\/span><\/span><\/strong><span style=\"vertical-align: inherit;\"><span style=\"vertical-align: inherit;\"><span style=\"vertical-align: inherit;\"><span style=\"vertical-align: inherit;\"><span style=\"vertical-align: inherit;\"><span style=\"vertical-align: inherit;\"><span style=\"vertical-align: inherit;\"><span style=\"vertical-align: inherit;\"><span style=\"vertical-align: inherit;\"><span style=\"vertical-align: inherit;\"><span style=\"vertical-align: inherit;\"><span style=\"vertical-align: inherit;\"><span style=\"vertical-align: inherit;\"><span style=\"vertical-align: inherit;\">permite a un nacional de un pa\u00eds con un tratado comercial con Estados Unidos ser admitido cuando invierte una cantidad sustancial de capital en una empresa estadounidense.<\/span><\/span><\/span><\/span><\/span><\/span><\/span><\/span><\/span><\/span><\/span><\/span><\/span><\/span><\/p>\n\n<p><strong><span style=\"vertical-align: inherit;\"><span style=\"vertical-align: inherit;\"><span style=\"vertical-align: inherit;\"><span style=\"vertical-align: inherit;\"><span style=\"vertical-align: inherit;\"><span style=\"vertical-align: inherit;\"><span style=\"vertical-align: inherit;\"><span style=\"vertical-align: inherit;\"><span style=\"vertical-align: inherit;\"><span style=\"vertical-align: inherit;\"><span style=\"vertical-align: inherit;\"><span style=\"vertical-align: inherit;\"><span style=\"vertical-align: inherit;\"><span style=\"vertical-align: inherit;\">Requisitos generales de un Inversionista por Tratado Comercial E-2<\/span><\/span><\/span><\/span><\/span><\/span><\/span><\/span><\/span><\/span><\/span><\/span><\/span><\/span><\/strong><\/p>\n\n<p><span style=\"vertical-align: inherit;\"><span style=\"vertical-align: inherit;\"><span style=\"vertical-align: inherit;\"><span style=\"vertical-align: inherit;\"><span style=\"vertical-align: inherit;\"><span style=\"vertical-align: inherit;\"><span style=\"vertical-align: inherit;\"><span style=\"vertical-align: inherit;\"><span style=\"vertical-align: inherit;\"><span style=\"vertical-align: inherit;\"><span style=\"vertical-align: inherit;\"><span style=\"vertical-align: inherit;\"><span style=\"vertical-align: inherit;\"><span style=\"vertical-align: inherit;\">\u2780\u00a0El solicitante debe tener la nacionalidad del pa\u00eds del Tratado comercial: Ciudadanos de Colombia, M\u00e9xico, Panam\u00e1, Argentina, aplican.<\/span><\/span><\/span><\/span><\/span><\/span><\/span><\/span><\/span><\/span><\/span><\/span><\/span><\/span><\/p>\n\n<p><span style=\"vertical-align: inherit;\"><span style=\"vertical-align: inherit;\"><span style=\"vertical-align: inherit;\"><span style=\"vertical-align: inherit;\"><span style=\"vertical-align: inherit;\"><span style=\"vertical-align: inherit;\"><span style=\"vertical-align: inherit;\"><span style=\"vertical-align: inherit;\"><span style=\"vertical-align: inherit;\"><span style=\"vertical-align: inherit;\"><span style=\"vertical-align: inherit;\"><span style=\"vertical-align: inherit;\"><span style=\"vertical-align: inherit;\"><span style=\"vertical-align: inherit;\">\u2781\u00a0Haber invertido, o estar activamente en el proceso de inversi\u00f3n, una cantidad sustancial de capital en una empresa real en Estados Unidos<\/span><\/span><\/span><\/span><\/span><\/span><\/span><\/span><\/span><\/span><\/span><\/span><\/span><\/span><\/p>\n\n<p><span style=\"vertical-align: inherit;\"><span style=\"vertical-align: inherit;\"><span style=\"vertical-align: inherit;\"><span style=\"vertical-align: inherit;\"><span style=\"vertical-align: inherit;\"><span style=\"vertical-align: inherit;\"><span style=\"vertical-align: inherit;\"><span style=\"vertical-align: inherit;\"><span style=\"vertical-align: inherit;\"><span style=\"vertical-align: inherit;\"><span style=\"vertical-align: inherit;\"><span style=\"vertical-align: inherit;\"><span style=\"vertical-align: inherit;\"><span style=\"vertical-align: inherit;\">\u2782\u00a0Ingresar a Estados Unidos \u00fanicamente para desarrollar y dirigir la empresa de inversi\u00f3n<\/span><\/span><\/span><\/span><\/span><\/span><\/span><\/span><\/span><\/span><\/span><\/span><\/span><\/span><\/p>\n\n<p><span style=\"vertical-align: inherit;\"><span style=\"vertical-align: inherit;\"><span style=\"vertical-align: inherit;\"><span style=\"vertical-align: inherit;\"><span style=\"vertical-align: inherit;\"><span style=\"vertical-align: inherit;\"><span style=\"vertical-align: inherit;\"><span style=\"vertical-align: inherit;\"><span style=\"vertical-align: inherit;\"><span style=\"vertical-align: inherit;\"><span style=\"vertical-align: inherit;\"><span style=\"vertical-align: inherit;\"><span style=\"vertical-align: inherit;\"><span style=\"vertical-align: inherit;\">\u2783 La empresa debe ser real y estar operativa<\/span><\/span><\/span><\/span><\/span><\/span><\/span><\/span><\/span><\/span><\/span><\/span><\/span><\/span><\/p>\n\n<p><span style=\"vertical-align: inherit;\"><span style=\"vertical-align: inherit;\"><span style=\"vertical-align: inherit;\"><span style=\"vertical-align: inherit;\"><span style=\"vertical-align: inherit;\"><span style=\"vertical-align: inherit;\"><span style=\"vertical-align: inherit;\"><span style=\"vertical-align: inherit;\"><span style=\"vertical-align: inherit;\"><span style=\"vertical-align: inherit;\"><span style=\"vertical-align: inherit;\"><span style=\"vertical-align: inherit;\"><span style=\"vertical-align: inherit;\"><span style=\"vertical-align: inherit;\">\u2784\u00a0La inversi\u00f3n del solicitante es sustancial\u00a0<\/span><\/span><\/span><\/span><\/span><\/span><\/span><\/span><\/span><\/span><\/span><\/span><\/span><\/span><\/p>\n\n<p><span style=\"vertical-align: inherit;\"><span style=\"vertical-align: inherit;\"><span style=\"vertical-align: inherit;\"><span style=\"vertical-align: inherit;\"><span style=\"vertical-align: inherit;\"><span style=\"vertical-align: inherit;\"><span style=\"vertical-align: inherit;\"><span style=\"vertical-align: inherit;\"><span style=\"vertical-align: inherit;\"><span style=\"vertical-align: inherit;\"><span style=\"vertical-align: inherit;\"><span style=\"vertical-align: inherit;\"><span style=\"vertical-align: inherit;\"><span style=\"vertical-align: inherit;\">\u2785\u00a0El solicitante est\u00e1 en condiciones de desarrollar y dirigir la empresa<\/span><\/span><\/span><\/span><\/span><\/span><\/span><\/span><\/span><\/span><\/span><\/span><\/span><\/span><\/p>\n\n<p><span style=\"vertical-align: inherit;\"><span style=\"vertical-align: inherit;\"><span style=\"vertical-align: inherit;\"><span style=\"vertical-align: inherit;\"><span style=\"vertical-align: inherit;\"><span style=\"vertical-align: inherit;\"><span style=\"vertical-align: inherit;\"><span style=\"vertical-align: inherit;\"><span style=\"vertical-align: inherit;\"><span style=\"vertical-align: inherit;\"><span style=\"vertical-align: inherit;\"><span style=\"vertical-align: inherit;\"><span style=\"vertical-align: inherit;\"><span style=\"vertical-align: inherit;\">\u2786\u00a0El solicitante tiene la intenci\u00f3n de salir de Estados Unidos cuando finalice su estatus E2<\/span><\/span><\/span><\/span><\/span><\/span><\/span><\/span><\/span><\/span><\/span><\/span><\/span><\/span><\/p>\n\n<p><strong><span style=\"vertical-align: inherit;\"><span style=\"vertical-align: inherit;\"><span style=\"vertical-align: inherit;\"><span style=\"vertical-align: inherit;\"><span style=\"vertical-align: inherit;\"><span style=\"vertical-align: inherit;\"><span style=\"vertical-align: inherit;\"><span style=\"vertical-align: inherit;\"><span style=\"vertical-align: inherit;\"><span style=\"vertical-align: inherit;\"><span style=\"vertical-align: inherit;\"><span style=\"vertical-align: inherit;\"><span style=\"vertical-align: inherit;\"><span style=\"vertical-align: inherit;\">Importante:<\/span><\/span><\/span><\/span><\/span><\/span><\/span><\/span><\/span><\/span><\/span><\/span><\/span><\/span><\/strong><span style=\"vertical-align: inherit;\"><span style=\"vertical-align: inherit;\"><span style=\"vertical-align: inherit;\"><span style=\"vertical-align: inherit;\"><span style=\"vertical-align: inherit;\"><span style=\"vertical-align: inherit;\"><span style=\"vertical-align: inherit;\"><span style=\"vertical-align: inherit;\"><span style=\"vertical-align: inherit;\"><span style=\"vertical-align: inherit;\"><span style=\"vertical-align: inherit;\"><span style=\"vertical-align: inherit;\"><span style=\"vertical-align: inherit;\"><span style=\"vertical-align: inherit;\"> La visa E2 es una visa NO INMIGRANTE, lo que significa que es una solicitud de permiso por un per\u00edodo temporal de tiempo para vivir y trabajar en los Estados Unidos.<\/span><\/span><\/span><\/span><\/span><\/span><\/span><\/span><\/span><\/span><\/span><\/span><\/span><\/span><\/p>\n\n<ul class=\"wp-block-list\">\n<li><span style=\"vertical-align: inherit;\"><span style=\"vertical-align: inherit;\"><span style=\"vertical-align: inherit;\"><span style=\"vertical-align: inherit;\"><span style=\"vertical-align: inherit;\"><span style=\"vertical-align: inherit;\"><span style=\"vertical-align: inherit;\"><span style=\"vertical-align: inherit;\"><span style=\"vertical-align: inherit;\"><span style=\"vertical-align: inherit;\"><span style=\"vertical-align: inherit;\"><span style=\"vertical-align: inherit;\"><span style=\"vertical-align: inherit;\"><span style=\"vertical-align: inherit;\">Los inversionistas y empleados del tratado pueden estar acompa\u00f1ados o ser seguidos por c\u00f3nyuges e hijos solteros menores de 21 a\u00f1os.<\/span><\/span><\/span><\/span><\/span><\/span><\/span><\/span><\/span><\/span><\/span><\/span><\/span><\/span><\/li>\n\n<li><span style=\"vertical-align: inherit;\"><span style=\"vertical-align: inherit;\"><span style=\"vertical-align: inherit;\"><span style=\"vertical-align: inherit;\"><span style=\"vertical-align: inherit;\"><span style=\"vertical-align: inherit;\"><span style=\"vertical-align: inherit;\"><span style=\"vertical-align: inherit;\"><span style=\"vertical-align: inherit;\"><span style=\"vertical-align: inherit;\"><span style=\"vertical-align: inherit;\"><span style=\"vertical-align: inherit;\"><span style=\"vertical-align: inherit;\"><span style=\"vertical-align: inherit;\">Las leyes de inmigraci\u00f3n no precisan el monto m\u00ednimo requerido a invertir para obtener una visa de inversionista en USA E-2 . Se recomienda como m\u00ednimo una cantidad cercana a los USD 100.000<\/span><\/span><\/span><\/span><\/span><\/span><\/span><\/span><\/span><\/span><\/span><\/span><\/span><\/span><\/li>\n<\/ul>\n\t\t\t\t\t\t\t\t<\/div>\n\t\t\t\t<\/div>\n\t\t\t\t\t<\/div>\n\t\t\t\t<\/div>\n\t\t\t\t<\/div>\n\t\t","protected":false},"excerpt":{"rendered":"<p>QU\u00c9 ES \u21a0 La VISA E-2 permite a un nacional de un pa\u00eds con un tratado comercial con Estados Unidos ser admitido cuando invierte una cantidad sustancial de capital en [&hellip;]<\/p>\n","protected":false},"author":8,"featured_media":0,"comment_status":"closed","ping_status":"closed","sticky":false,"template":"","format":"standard","meta":{"footnotes":""},"categories":[613],"tags":[],"class_list":["post-35852","post","type-post","status-publish","format-standard","hentry","category-migracion"],"yoast_head":"<!-- This site is optimized with the Yoast SEO plugin v27.5 - https:\/\/yoast.com\/product\/yoast-seo-wordpress\/ -->\n<title>Puntos claves sobre la Visa E-2 Inversionista por Tratado Comercial<\/title>\n<meta name=\"description\" content=\"La VISA E-2 permite a un nacional de un pa\u00eds con un tratado comercial con Estados Unidos ser admitido cuando invierte una cantidad sustancial de capital.\" \/>\n<meta name=\"robots\" content=\"index, follow, max-snippet:-1, max-image-preview:large, max-video-preview:-1\" \/>\n<link rel=\"canonical\" href=\"https:\/\/montanomiranda.com\/es\/puntos-claves-sobre-la-visa-e-2-inversionista-por-tratado-comercial\/\" \/>\n<meta property=\"og:locale\" content=\"es_ES\" \/>\n<meta property=\"og:type\" content=\"article\" \/>\n<meta property=\"og:title\" content=\"Puntos claves sobre la Visa E-2 Inversionista por Tratado Comercial\" \/>\n<meta property=\"og:description\" content=\"La VISA E-2 permite a un nacional de un pa\u00eds con un tratado comercial con Estados Unidos ser admitido cuando invierte una cantidad sustancial de capital.\" \/>\n<meta property=\"og:url\" content=\"https:\/\/montanomiranda.com\/es\/puntos-claves-sobre-la-visa-e-2-inversionista-por-tratado-comercial\/\" \/>\n<meta property=\"og:site_name\" content=\"Montano Miranda - Abogado de inmigrac\u00edon en Miami\" \/>\n<meta property=\"article:published_time\" content=\"2023-11-10T16:51:35+00:00\" \/>\n<meta property=\"article:modified_time\" content=\"2024-04-03T13:38:05+00:00\" \/>\n<meta property=\"og:image\" content=\"https:\/\/montanomiranda.com\/wp-content\/uploads\/2023\/06\/Foto-e1690978691330.png\" \/>\n\t<meta property=\"og:image:width\" content=\"1080\" \/>\n\t<meta property=\"og:image:height\" content=\"934\" \/>\n\t<meta property=\"og:image:type\" content=\"image\/png\" \/>\n<meta name=\"author\" content=\"alaina\" \/>\n<meta name=\"twitter:card\" content=\"summary_large_image\" \/>\n<meta name=\"twitter:label1\" content=\"Escrito por\" \/>\n\t<meta name=\"twitter:data1\" content=\"alaina\" \/>\n\t<meta name=\"twitter:label2\" content=\"Tiempo de lectura\" \/>\n\t<meta name=\"twitter:data2\" content=\"2 minutos\" \/>\n<script type=\"application\/ld+json\" class=\"yoast-schema-graph\">{\"@context\":\"https:\\\/\\\/schema.org\",\"@graph\":[{\"@type\":\"Article\",\"@id\":\"https:\\\/\\\/montanomiranda.com\\\/en\\\/puntos-claves-sobre-la-visa-e-2-inversionista-por-tratado-comercial\\\/#article\",\"isPartOf\":{\"@id\":\"https:\\\/\\\/montanomiranda.com\\\/en\\\/puntos-claves-sobre-la-visa-e-2-inversionista-por-tratado-comercial\\\/\"},\"author\":{\"name\":\"alaina\",\"@id\":\"https:\\\/\\\/montanomiranda.com\\\/es\\\/#\\\/schema\\\/person\\\/7bf653667449d5359dc6a04849a0a828\"},\"headline\":\"Puntos claves sobre la Visa E-2 Inversionista por Tratado Comercial\",\"datePublished\":\"2023-11-10T16:51:35+00:00\",\"dateModified\":\"2024-04-03T13:38:05+00:00\",\"mainEntityOfPage\":{\"@id\":\"https:\\\/\\\/montanomiranda.com\\\/en\\\/puntos-claves-sobre-la-visa-e-2-inversionista-por-tratado-comercial\\\/\"},\"wordCount\":241,\"publisher\":{\"@id\":\"https:\\\/\\\/montanomiranda.com\\\/es\\\/#organization\"},\"articleSection\":[\"Migraci\u00f3n\"],\"inLanguage\":\"es\"},{\"@type\":\"WebPage\",\"@id\":\"https:\\\/\\\/montanomiranda.com\\\/en\\\/puntos-claves-sobre-la-visa-e-2-inversionista-por-tratado-comercial\\\/\",\"url\":\"https:\\\/\\\/montanomiranda.com\\\/en\\\/puntos-claves-sobre-la-visa-e-2-inversionista-por-tratado-comercial\\\/\",\"name\":\"Puntos claves sobre la Visa E-2 Inversionista por Tratado Comercial\",\"isPartOf\":{\"@id\":\"https:\\\/\\\/montanomiranda.com\\\/es\\\/#website\"},\"datePublished\":\"2023-11-10T16:51:35+00:00\",\"dateModified\":\"2024-04-03T13:38:05+00:00\",\"description\":\"La VISA E-2 permite a un nacional de un pa\u00eds con un tratado comercial con Estados Unidos ser admitido cuando invierte una cantidad sustancial de capital.\",\"breadcrumb\":{\"@id\":\"https:\\\/\\\/montanomiranda.com\\\/en\\\/puntos-claves-sobre-la-visa-e-2-inversionista-por-tratado-comercial\\\/#breadcrumb\"},\"inLanguage\":\"es\",\"potentialAction\":[{\"@type\":\"ReadAction\",\"target\":[\"https:\\\/\\\/montanomiranda.com\\\/en\\\/puntos-claves-sobre-la-visa-e-2-inversionista-por-tratado-comercial\\\/\"]}]},{\"@type\":\"BreadcrumbList\",\"@id\":\"https:\\\/\\\/montanomiranda.com\\\/en\\\/puntos-claves-sobre-la-visa-e-2-inversionista-por-tratado-comercial\\\/#breadcrumb\",\"itemListElement\":[{\"@type\":\"ListItem\",\"position\":1,\"name\":\"Home\",\"item\":\"https:\\\/\\\/montanomiranda.com\\\/\"},{\"@type\":\"ListItem\",\"position\":2,\"name\":\"Puntos claves sobre la Visa E-2 Inversionista por Tratado Comercial\"}]},{\"@type\":\"WebSite\",\"@id\":\"https:\\\/\\\/montanomiranda.com\\\/es\\\/#website\",\"url\":\"https:\\\/\\\/montanomiranda.com\\\/es\\\/\",\"name\":\"Montano Miranda - Servicio de asosor\u00eda legal - Abogado de tr\u00e1mites migratorios EEUU\",\"description\":\"Montano Miranda - Servicio de asesor\u00eda legal - Abogado de tr\u00e1mites migratorios Miami\",\"publisher\":{\"@id\":\"https:\\\/\\\/montanomiranda.com\\\/es\\\/#organization\"},\"potentialAction\":[{\"@type\":\"SearchAction\",\"target\":{\"@type\":\"EntryPoint\",\"urlTemplate\":\"https:\\\/\\\/montanomiranda.com\\\/es\\\/?s={search_term_string}\"},\"query-input\":{\"@type\":\"PropertyValueSpecification\",\"valueRequired\":true,\"valueName\":\"search_term_string\"}}],\"inLanguage\":\"es\"},{\"@type\":\"Organization\",\"@id\":\"https:\\\/\\\/montanomiranda.com\\\/es\\\/#organization\",\"name\":\"Montano Miranda - Servicios de asesor\u00eda legal\",\"url\":\"https:\\\/\\\/montanomiranda.com\\\/es\\\/\",\"logo\":{\"@type\":\"ImageObject\",\"inLanguage\":\"es\",\"@id\":\"https:\\\/\\\/montanomiranda.com\\\/es\\\/#\\\/schema\\\/logo\\\/image\\\/\",\"url\":\"https:\\\/\\\/montanomiranda.com\\\/wp-content\\\/uploads\\\/2023\\\/07\\\/cropped-Untitled-design-12.png\",\"contentUrl\":\"https:\\\/\\\/montanomiranda.com\\\/wp-content\\\/uploads\\\/2023\\\/07\\\/cropped-Untitled-design-12.png\",\"width\":512,\"height\":512,\"caption\":\"Montano Miranda - Servicios de asesor\u00eda legal\"},\"image\":{\"@id\":\"https:\\\/\\\/montanomiranda.com\\\/es\\\/#\\\/schema\\\/logo\\\/image\\\/\"}},{\"@type\":\"Person\",\"@id\":\"https:\\\/\\\/montanomiranda.com\\\/es\\\/#\\\/schema\\\/person\\\/7bf653667449d5359dc6a04849a0a828\",\"name\":\"alaina\",\"image\":{\"@type\":\"ImageObject\",\"inLanguage\":\"es\",\"@id\":\"https:\\\/\\\/secure.gravatar.com\\\/avatar\\\/9ec73a398784663d2fad890a7832a9b46e1c9c4dc2e84a1d60b049242cc71e78?s=96&d=mm&r=g\",\"url\":\"https:\\\/\\\/secure.gravatar.com\\\/avatar\\\/9ec73a398784663d2fad890a7832a9b46e1c9c4dc2e84a1d60b049242cc71e78?s=96&d=mm&r=g\",\"contentUrl\":\"https:\\\/\\\/secure.gravatar.com\\\/avatar\\\/9ec73a398784663d2fad890a7832a9b46e1c9c4dc2e84a1d60b049242cc71e78?s=96&d=mm&r=g\",\"caption\":\"alaina\"}}]}<\/script>\n<!-- \/ Yoast SEO plugin. -->","yoast_head_json":{"title":"Puntos claves sobre la Visa E-2 Inversionista por Tratado Comercial","description":"La VISA E-2 permite a un nacional de un pa\u00eds con un tratado comercial con Estados Unidos ser admitido cuando invierte una cantidad sustancial de capital.","robots":{"index":"index","follow":"follow","max-snippet":"max-snippet:-1","max-image-preview":"max-image-preview:large","max-video-preview":"max-video-preview:-1"},"canonical":"https:\/\/montanomiranda.com\/es\/puntos-claves-sobre-la-visa-e-2-inversionista-por-tratado-comercial\/","og_locale":"es_ES","og_type":"article","og_title":"Puntos claves sobre la Visa E-2 Inversionista por Tratado Comercial","og_description":"La VISA E-2 permite a un nacional de un pa\u00eds con un tratado comercial con Estados Unidos ser admitido cuando invierte una cantidad sustancial de capital.","og_url":"https:\/\/montanomiranda.com\/es\/puntos-claves-sobre-la-visa-e-2-inversionista-por-tratado-comercial\/","og_site_name":"Montano Miranda - Abogado de inmigrac\u00edon en Miami","article_published_time":"2023-11-10T16:51:35+00:00","article_modified_time":"2024-04-03T13:38:05+00:00","og_image":[{"width":1080,"height":934,"url":"https:\/\/montanomiranda.com\/wp-content\/uploads\/2023\/06\/Foto-e1690978691330.png","type":"image\/png"}],"author":"alaina","twitter_card":"summary_large_image","twitter_misc":{"Escrito por":"alaina","Tiempo de lectura":"2 minutos"},"schema":{"@context":"https:\/\/schema.org","@graph":[{"@type":"Article","@id":"https:\/\/montanomiranda.com\/en\/puntos-claves-sobre-la-visa-e-2-inversionista-por-tratado-comercial\/#article","isPartOf":{"@id":"https:\/\/montanomiranda.com\/en\/puntos-claves-sobre-la-visa-e-2-inversionista-por-tratado-comercial\/"},"author":{"name":"alaina","@id":"https:\/\/montanomiranda.com\/es\/#\/schema\/person\/7bf653667449d5359dc6a04849a0a828"},"headline":"Puntos claves sobre la Visa E-2 Inversionista por Tratado Comercial","datePublished":"2023-11-10T16:51:35+00:00","dateModified":"2024-04-03T13:38:05+00:00","mainEntityOfPage":{"@id":"https:\/\/montanomiranda.com\/en\/puntos-claves-sobre-la-visa-e-2-inversionista-por-tratado-comercial\/"},"wordCount":241,"publisher":{"@id":"https:\/\/montanomiranda.com\/es\/#organization"},"articleSection":["Migraci\u00f3n"],"inLanguage":"es"},{"@type":"WebPage","@id":"https:\/\/montanomiranda.com\/en\/puntos-claves-sobre-la-visa-e-2-inversionista-por-tratado-comercial\/","url":"https:\/\/montanomiranda.com\/en\/puntos-claves-sobre-la-visa-e-2-inversionista-por-tratado-comercial\/","name":"Puntos claves sobre la Visa E-2 Inversionista por Tratado Comercial","isPartOf":{"@id":"https:\/\/montanomiranda.com\/es\/#website"},"datePublished":"2023-11-10T16:51:35+00:00","dateModified":"2024-04-03T13:38:05+00:00","description":"La VISA E-2 permite a un nacional de un pa\u00eds con un tratado comercial con Estados Unidos ser admitido cuando invierte una cantidad sustancial de capital.","breadcrumb":{"@id":"https:\/\/montanomiranda.com\/en\/puntos-claves-sobre-la-visa-e-2-inversionista-por-tratado-comercial\/#breadcrumb"},"inLanguage":"es","potentialAction":[{"@type":"ReadAction","target":["https:\/\/montanomiranda.com\/en\/puntos-claves-sobre-la-visa-e-2-inversionista-por-tratado-comercial\/"]}]},{"@type":"BreadcrumbList","@id":"https:\/\/montanomiranda.com\/en\/puntos-claves-sobre-la-visa-e-2-inversionista-por-tratado-comercial\/#breadcrumb","itemListElement":[{"@type":"ListItem","position":1,"name":"Home","item":"https:\/\/montanomiranda.com\/"},{"@type":"ListItem","position":2,"name":"Puntos claves sobre la Visa E-2 Inversionista por Tratado Comercial"}]},{"@type":"WebSite","@id":"https:\/\/montanomiranda.com\/es\/#website","url":"https:\/\/montanomiranda.com\/es\/","name":"Montano Miranda - Servicio de asosor\u00eda legal - Abogado de tr\u00e1mites migratorios EEUU","description":"Montano Miranda - Servicio de asesor\u00eda legal - Abogado de tr\u00e1mites migratorios Miami","publisher":{"@id":"https:\/\/montanomiranda.com\/es\/#organization"},"potentialAction":[{"@type":"SearchAction","target":{"@type":"EntryPoint","urlTemplate":"https:\/\/montanomiranda.com\/es\/?s={search_term_string}"},"query-input":{"@type":"PropertyValueSpecification","valueRequired":true,"valueName":"search_term_string"}}],"inLanguage":"es"},{"@type":"Organization","@id":"https:\/\/montanomiranda.com\/es\/#organization","name":"Montano Miranda - Servicios de asesor\u00eda legal","url":"https:\/\/montanomiranda.com\/es\/","logo":{"@type":"ImageObject","inLanguage":"es","@id":"https:\/\/montanomiranda.com\/es\/#\/schema\/logo\/image\/","url":"https:\/\/montanomiranda.com\/wp-content\/uploads\/2023\/07\/cropped-Untitled-design-12.png","contentUrl":"https:\/\/montanomiranda.com\/wp-content\/uploads\/2023\/07\/cropped-Untitled-design-12.png","width":512,"height":512,"caption":"Montano Miranda - Servicios de asesor\u00eda legal"},"image":{"@id":"https:\/\/montanomiranda.com\/es\/#\/schema\/logo\/image\/"}},{"@type":"Person","@id":"https:\/\/montanomiranda.com\/es\/#\/schema\/person\/7bf653667449d5359dc6a04849a0a828","name":"alaina","image":{"@type":"ImageObject","inLanguage":"es","@id":"https:\/\/secure.gravatar.com\/avatar\/9ec73a398784663d2fad890a7832a9b46e1c9c4dc2e84a1d60b049242cc71e78?s=96&d=mm&r=g","url":"https:\/\/secure.gravatar.com\/avatar\/9ec73a398784663d2fad890a7832a9b46e1c9c4dc2e84a1d60b049242cc71e78?s=96&d=mm&r=g","contentUrl":"https:\/\/secure.gravatar.com\/avatar\/9ec73a398784663d2fad890a7832a9b46e1c9c4dc2e84a1d60b049242cc71e78?s=96&d=mm&r=g","caption":"alaina"}}]}},"_links":{"self":[{"href":"https:\/\/montanomiranda.com\/es\/wp-json\/wp\/v2\/posts\/35852","targetHints":{"allow":["GET"]}}],"collection":[{"href":"https:\/\/montanomiranda.com\/es\/wp-json\/wp\/v2\/posts"}],"about":[{"href":"https:\/\/montanomiranda.com\/es\/wp-json\/wp\/v2\/types\/post"}],"author":[{"embeddable":true,"href":"https:\/\/montanomiranda.com\/es\/wp-json\/wp\/v2\/users\/8"}],"replies":[{"embeddable":true,"href":"https:\/\/montanomiranda.com\/es\/wp-json\/wp\/v2\/comments?post=35852"}],"version-history":[{"count":5,"href":"https:\/\/montanomiranda.com\/es\/wp-json\/wp\/v2\/posts\/35852\/revisions"}],"predecessor-version":[{"id":36827,"href":"https:\/\/montanomiranda.com\/es\/wp-json\/wp\/v2\/posts\/35852\/revisions\/36827"}],"wp:attachment":[{"href":"https:\/\/montanomiranda.com\/es\/wp-json\/wp\/v2\/media?parent=35852"}],"wp:term":[{"taxonomy":"category","embeddable":true,"href":"https:\/\/montanomiranda.com\/es\/wp-json\/wp\/v2\/categories?post=35852"},{"taxonomy":"post_tag","embeddable":true,"href":"https:\/\/montanomiranda.com\/es\/wp-json\/wp\/v2\/tags?post=35852"}],"curies":[{"name":"wp","href":"https:\/\/api.w.org\/{rel}","templated":true}]}}