{"id":39257,"date":"2026-03-14T00:58:20","date_gmt":"2026-03-14T00:58:20","guid":{"rendered":"https:\/\/montanomiranda.com\/?p=39257"},"modified":"2026-03-16T14:43:31","modified_gmt":"2026-03-16T14:43:31","slug":"montano-miranda-y-cepyme-sellan-alianza-para-impulsar-oportunidades-migratorias-en-ee-uu","status":"publish","type":"post","link":"https:\/\/montanomiranda.com\/en\/montano-miranda-y-cepyme-sellan-alianza-para-impulsar-oportunidades-migratorias-en-ee-uu\/","title":{"rendered":"Montano Miranda y CEPYME sellan alianza para impulsar oportunidades migratorias en EE. UU."},"content":{"rendered":"<div data-elementor-type=\"wp-post\" data-elementor-id=\"39257\" class=\"elementor elementor-39257\" data-elementor-post-type=\"post\">\n\t\t\t\t<div class=\"elementor-element elementor-element-853bd62 e-flex e-con-boxed e-con e-parent\" data-id=\"853bd62\" data-element_type=\"container\" data-e-type=\"container\">\n\t\t\t\t\t<div class=\"e-con-inner\">\n\t\t\t\t<div class=\"elementor-element elementor-element-9a26d3a elementor-widget elementor-widget-text-editor\" data-id=\"9a26d3a\" data-element_type=\"widget\" data-e-type=\"widget\" data-widget_type=\"text-editor.default\">\n\t\t\t\t<div class=\"elementor-widget-container\">\n\t\t\t\t\t\t\t\t\t<p><strong>NOTA DE PRENSA CORPORATIVA.<\/strong><\/p><p>Miami.- En el marco del <em>Programa Alianza Corporativa Migratoria de Montano Miranda Law Office<\/em>, hemos consolidado un acuerdo con CEPYME Colombia, entidad orientada al fortalecimiento empresarial y al impulso de oportunidades de crecimiento para compa\u00f1\u00edas y emprendedores, representada por Aljadys Tamayo, directora comercial y de nuevos negocios.<\/p><p>Gracias a esta iniciativa, el abogado de inmigraci\u00f3n <strong>Javier Montano Miranda<\/strong> brindar\u00e1 asesor\u00eda legal especializada y una gesti\u00f3n integral de procesos migratorios dirigida a empresarios, ejecutivos e inversionistas vinculados a CEPYME que est\u00e9n interesados en desarrollar, expandir o establecer sus proyectos en Estados Unidos.<\/p><p>Esta uni\u00f3n combina la experiencia legal del abogado Montano Miranda con la plataforma empresarial de CEPYME, creando un puente estrat\u00e9gico para acompa\u00f1ar a inversionistas, empresarios y familias en sus procesos migratorios, con informaci\u00f3n clara y soluciones efectivas.<\/p><p>\u201cNos honra esta alianza con CEPYME, una organizaci\u00f3n comprometida con el crecimiento del ecosistema empresarial. Estados Unidos ofrece importantes oportunidades para inversores y ejecutivos colombianos a trav\u00e9s de visados que permiten operar, hacer negocios y establecerse con respaldo legal. Con esta colaboraci\u00f3n, buscamos orientar y acompa\u00f1ar a la comunidad empresarial vinculada a CEPYME en su proyecci\u00f3n internacional\u201d \u2014 <strong>Javier Montano Miranda, abogado de inmigraci\u00f3n.<\/strong><\/p><p>Por su parte, <strong>Aljadys Tamayo<\/strong>, en representaci\u00f3n de CEPYME, destac\u00f3:<br \/>\u201cEstamos muy contentos en CEPYME por esta alianza. Este acuerdo representa una oportunidad para ofrecer a nuestros empresarios y emprendedores asesor\u00eda migratoria de primera mano, especialmente para quienes est\u00e9n interesados en desarrollar operaciones personales y comerciales en Estados Unidos, con el respaldo de un equipo legal especializado.\u201d<\/p><p>Con esta colaboraci\u00f3n, damos un paso firme hacia la expansi\u00f3n de oportunidades y soluciones migratorias para empresarios colombianos que buscan crecer y establecerse en Estados Unidos.<\/p><p><strong>SOBRE EL PROGRAMA ALIANZA CORPORATIVA MIGRATORIA DE MONTANO MIRANDA LAW OFFICE<\/strong><br \/>Es una iniciativa dise\u00f1ada para brindar asesor\u00eda legal especializada y gesti\u00f3n integral en procesos migratorios a empresarios, ejecutivos e inversionistas. Su prop\u00f3sito es generar sinergias con aliados estrat\u00e9gicos del \u00e1mbito corporativo, ofreciendo soluciones legales efectivas que faciliten la expansi\u00f3n, inversi\u00f3n y establecimiento de proyectos en Estados Unidos, con el respaldo profesional y la experiencia del abogado Javier Montano Miranda.<\/p><p><a href=\"https:\/\/cepyme.com.co\/\">CEPYME<\/a><br \/><br \/><\/p>\t\t\t\t\t\t\t\t<\/div>\n\t\t\t\t<\/div>\n\t\t\t\t\t<\/div>\n\t\t\t\t<\/div>\n\t\t\t\t<\/div>","protected":false},"excerpt":{"rendered":"<p>NOTA DE PRENSA CORPORATIVA. Miami.- En el marco del Programa Alianza Corporativa Migratoria de Montano Miranda Law Office, hemos consolidado un acuerdo con CEPYME Colombia, entidad orientada al fortalecimiento empresarial [&hellip;]<\/p>\n","protected":false},"author":9,"featured_media":39259,"comment_status":"closed","ping_status":"open","sticky":false,"template":"","format":"standard","meta":{"footnotes":""},"categories":[1],"tags":[],"class_list":["post-39257","post","type-post","status-publish","format-standard","has-post-thumbnail","hentry","category-lawyers"],"yoast_head":"<!-- This site is optimized with the Yoast SEO plugin v27.4 - https:\/\/yoast.com\/product\/yoast-seo-wordpress\/ -->\n<title>Montano Miranda y CEPYME sellan alianza para impulsar oportunidades migratorias en EE. UU.<\/title>\n<meta name=\"robots\" content=\"index, follow, max-snippet:-1, max-image-preview:large, max-video-preview:-1\" \/>\n<link rel=\"canonical\" href=\"https:\/\/montanomiranda.com\/en\/montano-miranda-y-cepyme-sellan-alianza-para-impulsar-oportunidades-migratorias-en-ee-uu\/\" \/>\n<meta property=\"og:locale\" content=\"en_US\" \/>\n<meta property=\"og:type\" content=\"article\" \/>\n<meta property=\"og:title\" content=\"Montano Miranda y CEPYME sellan alianza para impulsar oportunidades migratorias en EE. UU.\" \/>\n<meta property=\"og:description\" content=\"NOTA DE PRENSA CORPORATIVA. Miami.- En el marco del Programa Alianza Corporativa Migratoria de Montano Miranda Law Office, hemos consolidado un acuerdo con CEPYME Colombia, entidad orientada al fortalecimiento empresarial [&hellip;]\" \/>\n<meta property=\"og:url\" content=\"https:\/\/montanomiranda.com\/en\/montano-miranda-y-cepyme-sellan-alianza-para-impulsar-oportunidades-migratorias-en-ee-uu\/\" \/>\n<meta property=\"og:site_name\" content=\"Montano Miranda - Abogado de inmigrac\u00edon en Miami\" \/>\n<meta property=\"article:published_time\" content=\"2026-03-14T00:58:20+00:00\" \/>\n<meta property=\"article:modified_time\" content=\"2026-03-16T14:43:31+00:00\" \/>\n<meta property=\"og:image\" content=\"https:\/\/montanomiranda.com\/wp-content\/uploads\/2026\/03\/WhatsApp-Image-2026-03-13-at-19.30.31.jpeg\" \/>\n\t<meta property=\"og:image:width\" content=\"1125\" \/>\n\t<meta property=\"og:image:height\" content=\"850\" \/>\n\t<meta property=\"og:image:type\" content=\"image\/jpeg\" \/>\n<meta name=\"author\" content=\"joseramon\" \/>\n<meta name=\"twitter:card\" content=\"summary_large_image\" \/>\n<meta name=\"twitter:label1\" content=\"Written by\" \/>\n\t<meta name=\"twitter:data1\" content=\"joseramon\" \/>\n\t<meta name=\"twitter:label2\" content=\"Est. reading time\" \/>\n\t<meta name=\"twitter:data2\" content=\"2 minutes\" \/>\n<script type=\"application\/ld+json\" class=\"yoast-schema-graph\">{\"@context\":\"https:\\\/\\\/schema.org\",\"@graph\":[{\"@type\":\"Article\",\"@id\":\"https:\\\/\\\/montanomiranda.com\\\/montano-miranda-y-cepyme-sellan-alianza-para-impulsar-oportunidades-migratorias-en-ee-uu\\\/#article\",\"isPartOf\":{\"@id\":\"https:\\\/\\\/montanomiranda.com\\\/montano-miranda-y-cepyme-sellan-alianza-para-impulsar-oportunidades-migratorias-en-ee-uu\\\/\"},\"author\":{\"name\":\"joseramon\",\"@id\":\"https:\\\/\\\/montanomiranda.com\\\/es\\\/#\\\/schema\\\/person\\\/78466cc62152e5f8d5d72adbf41a459b\"},\"headline\":\"Montano Miranda y CEPYME sellan alianza para impulsar oportunidades migratorias en EE. UU.\",\"datePublished\":\"2026-03-14T00:58:20+00:00\",\"dateModified\":\"2026-03-16T14:43:31+00:00\",\"mainEntityOfPage\":{\"@id\":\"https:\\\/\\\/montanomiranda.com\\\/montano-miranda-y-cepyme-sellan-alianza-para-impulsar-oportunidades-migratorias-en-ee-uu\\\/\"},\"wordCount\":390,\"publisher\":{\"@id\":\"https:\\\/\\\/montanomiranda.com\\\/es\\\/#organization\"},\"image\":{\"@id\":\"https:\\\/\\\/montanomiranda.com\\\/montano-miranda-y-cepyme-sellan-alianza-para-impulsar-oportunidades-migratorias-en-ee-uu\\\/#primaryimage\"},\"thumbnailUrl\":\"https:\\\/\\\/montanomiranda.com\\\/wp-content\\\/uploads\\\/2026\\\/03\\\/WhatsApp-Image-2026-03-13-at-19.30.31.jpeg\",\"articleSection\":[\"Lawyers\"],\"inLanguage\":\"en-US\"},{\"@type\":\"WebPage\",\"@id\":\"https:\\\/\\\/montanomiranda.com\\\/montano-miranda-y-cepyme-sellan-alianza-para-impulsar-oportunidades-migratorias-en-ee-uu\\\/\",\"url\":\"https:\\\/\\\/montanomiranda.com\\\/montano-miranda-y-cepyme-sellan-alianza-para-impulsar-oportunidades-migratorias-en-ee-uu\\\/\",\"name\":\"Montano Miranda y CEPYME sellan alianza para impulsar oportunidades migratorias en EE. UU.\",\"isPartOf\":{\"@id\":\"https:\\\/\\\/montanomiranda.com\\\/es\\\/#website\"},\"primaryImageOfPage\":{\"@id\":\"https:\\\/\\\/montanomiranda.com\\\/montano-miranda-y-cepyme-sellan-alianza-para-impulsar-oportunidades-migratorias-en-ee-uu\\\/#primaryimage\"},\"image\":{\"@id\":\"https:\\\/\\\/montanomiranda.com\\\/montano-miranda-y-cepyme-sellan-alianza-para-impulsar-oportunidades-migratorias-en-ee-uu\\\/#primaryimage\"},\"thumbnailUrl\":\"https:\\\/\\\/montanomiranda.com\\\/wp-content\\\/uploads\\\/2026\\\/03\\\/WhatsApp-Image-2026-03-13-at-19.30.31.jpeg\",\"datePublished\":\"2026-03-14T00:58:20+00:00\",\"dateModified\":\"2026-03-16T14:43:31+00:00\",\"breadcrumb\":{\"@id\":\"https:\\\/\\\/montanomiranda.com\\\/montano-miranda-y-cepyme-sellan-alianza-para-impulsar-oportunidades-migratorias-en-ee-uu\\\/#breadcrumb\"},\"inLanguage\":\"en-US\",\"potentialAction\":[{\"@type\":\"ReadAction\",\"target\":[\"https:\\\/\\\/montanomiranda.com\\\/montano-miranda-y-cepyme-sellan-alianza-para-impulsar-oportunidades-migratorias-en-ee-uu\\\/\"]}]},{\"@type\":\"ImageObject\",\"inLanguage\":\"en-US\",\"@id\":\"https:\\\/\\\/montanomiranda.com\\\/montano-miranda-y-cepyme-sellan-alianza-para-impulsar-oportunidades-migratorias-en-ee-uu\\\/#primaryimage\",\"url\":\"https:\\\/\\\/montanomiranda.com\\\/wp-content\\\/uploads\\\/2026\\\/03\\\/WhatsApp-Image-2026-03-13-at-19.30.31.jpeg\",\"contentUrl\":\"https:\\\/\\\/montanomiranda.com\\\/wp-content\\\/uploads\\\/2026\\\/03\\\/WhatsApp-Image-2026-03-13-at-19.30.31.jpeg\",\"width\":1125,\"height\":850},{\"@type\":\"BreadcrumbList\",\"@id\":\"https:\\\/\\\/montanomiranda.com\\\/montano-miranda-y-cepyme-sellan-alianza-para-impulsar-oportunidades-migratorias-en-ee-uu\\\/#breadcrumb\",\"itemListElement\":[{\"@type\":\"ListItem\",\"position\":1,\"name\":\"Home\",\"item\":\"https:\\\/\\\/montanomiranda.com\\\/\"},{\"@type\":\"ListItem\",\"position\":2,\"name\":\"Montano Miranda y CEPYME sellan alianza para impulsar oportunidades migratorias en EE. UU.\"}]},{\"@type\":\"WebSite\",\"@id\":\"https:\\\/\\\/montanomiranda.com\\\/es\\\/#website\",\"url\":\"https:\\\/\\\/montanomiranda.com\\\/es\\\/\",\"name\":\"Montano Miranda - Servicio de asosor\u00eda legal - Abogado de tr\u00e1mites migratorios EEUU\",\"description\":\"Montano Miranda - Servicio de asesor\u00eda legal - Abogado de tr\u00e1mites migratorios Miami\",\"publisher\":{\"@id\":\"https:\\\/\\\/montanomiranda.com\\\/es\\\/#organization\"},\"potentialAction\":[{\"@type\":\"SearchAction\",\"target\":{\"@type\":\"EntryPoint\",\"urlTemplate\":\"https:\\\/\\\/montanomiranda.com\\\/es\\\/?s={search_term_string}\"},\"query-input\":{\"@type\":\"PropertyValueSpecification\",\"valueRequired\":true,\"valueName\":\"search_term_string\"}}],\"inLanguage\":\"en-US\"},{\"@type\":\"Organization\",\"@id\":\"https:\\\/\\\/montanomiranda.com\\\/es\\\/#organization\",\"name\":\"Montano Miranda - Servicios de asesor\u00eda legal\",\"url\":\"https:\\\/\\\/montanomiranda.com\\\/es\\\/\",\"logo\":{\"@type\":\"ImageObject\",\"inLanguage\":\"en-US\",\"@id\":\"https:\\\/\\\/montanomiranda.com\\\/es\\\/#\\\/schema\\\/logo\\\/image\\\/\",\"url\":\"https:\\\/\\\/montanomiranda.com\\\/wp-content\\\/uploads\\\/2023\\\/07\\\/cropped-Untitled-design-12.png\",\"contentUrl\":\"https:\\\/\\\/montanomiranda.com\\\/wp-content\\\/uploads\\\/2023\\\/07\\\/cropped-Untitled-design-12.png\",\"width\":512,\"height\":512,\"caption\":\"Montano Miranda - Servicios de asesor\u00eda legal\"},\"image\":{\"@id\":\"https:\\\/\\\/montanomiranda.com\\\/es\\\/#\\\/schema\\\/logo\\\/image\\\/\"}},{\"@type\":\"Person\",\"@id\":\"https:\\\/\\\/montanomiranda.com\\\/es\\\/#\\\/schema\\\/person\\\/78466cc62152e5f8d5d72adbf41a459b\",\"name\":\"joseramon\",\"image\":{\"@type\":\"ImageObject\",\"inLanguage\":\"en-US\",\"@id\":\"https:\\\/\\\/secure.gravatar.com\\\/avatar\\\/fe8f4562cb51f9157f5a68b120d7342b98c67520619593fd8ea26a46913fdea2?s=96&d=mm&r=g\",\"url\":\"https:\\\/\\\/secure.gravatar.com\\\/avatar\\\/fe8f4562cb51f9157f5a68b120d7342b98c67520619593fd8ea26a46913fdea2?s=96&d=mm&r=g\",\"contentUrl\":\"https:\\\/\\\/secure.gravatar.com\\\/avatar\\\/fe8f4562cb51f9157f5a68b120d7342b98c67520619593fd8ea26a46913fdea2?s=96&d=mm&r=g\",\"caption\":\"joseramon\"}}]}<\/script>\n<!-- \/ Yoast SEO plugin. -->","yoast_head_json":{"title":"Montano Miranda y CEPYME sellan alianza para impulsar oportunidades migratorias en EE. UU.","robots":{"index":"index","follow":"follow","max-snippet":"max-snippet:-1","max-image-preview":"max-image-preview:large","max-video-preview":"max-video-preview:-1"},"canonical":"https:\/\/montanomiranda.com\/en\/montano-miranda-y-cepyme-sellan-alianza-para-impulsar-oportunidades-migratorias-en-ee-uu\/","og_locale":"en_US","og_type":"article","og_title":"Montano Miranda y CEPYME sellan alianza para impulsar oportunidades migratorias en EE. UU.","og_description":"NOTA DE PRENSA CORPORATIVA. Miami.- En el marco del Programa Alianza Corporativa Migratoria de Montano Miranda Law Office, hemos consolidado un acuerdo con CEPYME Colombia, entidad orientada al fortalecimiento empresarial [&hellip;]","og_url":"https:\/\/montanomiranda.com\/en\/montano-miranda-y-cepyme-sellan-alianza-para-impulsar-oportunidades-migratorias-en-ee-uu\/","og_site_name":"Montano Miranda - Abogado de inmigrac\u00edon en Miami","article_published_time":"2026-03-14T00:58:20+00:00","article_modified_time":"2026-03-16T14:43:31+00:00","og_image":[{"width":1125,"height":850,"url":"https:\/\/montanomiranda.com\/wp-content\/uploads\/2026\/03\/WhatsApp-Image-2026-03-13-at-19.30.31.jpeg","type":"image\/jpeg"}],"author":"joseramon","twitter_card":"summary_large_image","twitter_misc":{"Written by":"joseramon","Est. reading time":"2 minutes"},"schema":{"@context":"https:\/\/schema.org","@graph":[{"@type":"Article","@id":"https:\/\/montanomiranda.com\/montano-miranda-y-cepyme-sellan-alianza-para-impulsar-oportunidades-migratorias-en-ee-uu\/#article","isPartOf":{"@id":"https:\/\/montanomiranda.com\/montano-miranda-y-cepyme-sellan-alianza-para-impulsar-oportunidades-migratorias-en-ee-uu\/"},"author":{"name":"joseramon","@id":"https:\/\/montanomiranda.com\/es\/#\/schema\/person\/78466cc62152e5f8d5d72adbf41a459b"},"headline":"Montano Miranda y CEPYME sellan alianza para impulsar oportunidades migratorias en EE. UU.","datePublished":"2026-03-14T00:58:20+00:00","dateModified":"2026-03-16T14:43:31+00:00","mainEntityOfPage":{"@id":"https:\/\/montanomiranda.com\/montano-miranda-y-cepyme-sellan-alianza-para-impulsar-oportunidades-migratorias-en-ee-uu\/"},"wordCount":390,"publisher":{"@id":"https:\/\/montanomiranda.com\/es\/#organization"},"image":{"@id":"https:\/\/montanomiranda.com\/montano-miranda-y-cepyme-sellan-alianza-para-impulsar-oportunidades-migratorias-en-ee-uu\/#primaryimage"},"thumbnailUrl":"https:\/\/montanomiranda.com\/wp-content\/uploads\/2026\/03\/WhatsApp-Image-2026-03-13-at-19.30.31.jpeg","articleSection":["Lawyers"],"inLanguage":"en-US"},{"@type":"WebPage","@id":"https:\/\/montanomiranda.com\/montano-miranda-y-cepyme-sellan-alianza-para-impulsar-oportunidades-migratorias-en-ee-uu\/","url":"https:\/\/montanomiranda.com\/montano-miranda-y-cepyme-sellan-alianza-para-impulsar-oportunidades-migratorias-en-ee-uu\/","name":"Montano Miranda y CEPYME sellan alianza para impulsar oportunidades migratorias en EE. UU.","isPartOf":{"@id":"https:\/\/montanomiranda.com\/es\/#website"},"primaryImageOfPage":{"@id":"https:\/\/montanomiranda.com\/montano-miranda-y-cepyme-sellan-alianza-para-impulsar-oportunidades-migratorias-en-ee-uu\/#primaryimage"},"image":{"@id":"https:\/\/montanomiranda.com\/montano-miranda-y-cepyme-sellan-alianza-para-impulsar-oportunidades-migratorias-en-ee-uu\/#primaryimage"},"thumbnailUrl":"https:\/\/montanomiranda.com\/wp-content\/uploads\/2026\/03\/WhatsApp-Image-2026-03-13-at-19.30.31.jpeg","datePublished":"2026-03-14T00:58:20+00:00","dateModified":"2026-03-16T14:43:31+00:00","breadcrumb":{"@id":"https:\/\/montanomiranda.com\/montano-miranda-y-cepyme-sellan-alianza-para-impulsar-oportunidades-migratorias-en-ee-uu\/#breadcrumb"},"inLanguage":"en-US","potentialAction":[{"@type":"ReadAction","target":["https:\/\/montanomiranda.com\/montano-miranda-y-cepyme-sellan-alianza-para-impulsar-oportunidades-migratorias-en-ee-uu\/"]}]},{"@type":"ImageObject","inLanguage":"en-US","@id":"https:\/\/montanomiranda.com\/montano-miranda-y-cepyme-sellan-alianza-para-impulsar-oportunidades-migratorias-en-ee-uu\/#primaryimage","url":"https:\/\/montanomiranda.com\/wp-content\/uploads\/2026\/03\/WhatsApp-Image-2026-03-13-at-19.30.31.jpeg","contentUrl":"https:\/\/montanomiranda.com\/wp-content\/uploads\/2026\/03\/WhatsApp-Image-2026-03-13-at-19.30.31.jpeg","width":1125,"height":850},{"@type":"BreadcrumbList","@id":"https:\/\/montanomiranda.com\/montano-miranda-y-cepyme-sellan-alianza-para-impulsar-oportunidades-migratorias-en-ee-uu\/#breadcrumb","itemListElement":[{"@type":"ListItem","position":1,"name":"Home","item":"https:\/\/montanomiranda.com\/"},{"@type":"ListItem","position":2,"name":"Montano Miranda y CEPYME sellan alianza para impulsar oportunidades migratorias en EE. UU."}]},{"@type":"WebSite","@id":"https:\/\/montanomiranda.com\/es\/#website","url":"https:\/\/montanomiranda.com\/es\/","name":"Montano Miranda - Servicio de asosor\u00eda legal - Abogado de tr\u00e1mites migratorios EEUU","description":"Montano Miranda - Servicio de asesor\u00eda legal - Abogado de tr\u00e1mites migratorios Miami","publisher":{"@id":"https:\/\/montanomiranda.com\/es\/#organization"},"potentialAction":[{"@type":"SearchAction","target":{"@type":"EntryPoint","urlTemplate":"https:\/\/montanomiranda.com\/es\/?s={search_term_string}"},"query-input":{"@type":"PropertyValueSpecification","valueRequired":true,"valueName":"search_term_string"}}],"inLanguage":"en-US"},{"@type":"Organization","@id":"https:\/\/montanomiranda.com\/es\/#organization","name":"Montano Miranda - Servicios de asesor\u00eda legal","url":"https:\/\/montanomiranda.com\/es\/","logo":{"@type":"ImageObject","inLanguage":"en-US","@id":"https:\/\/montanomiranda.com\/es\/#\/schema\/logo\/image\/","url":"https:\/\/montanomiranda.com\/wp-content\/uploads\/2023\/07\/cropped-Untitled-design-12.png","contentUrl":"https:\/\/montanomiranda.com\/wp-content\/uploads\/2023\/07\/cropped-Untitled-design-12.png","width":512,"height":512,"caption":"Montano Miranda - Servicios de asesor\u00eda legal"},"image":{"@id":"https:\/\/montanomiranda.com\/es\/#\/schema\/logo\/image\/"}},{"@type":"Person","@id":"https:\/\/montanomiranda.com\/es\/#\/schema\/person\/78466cc62152e5f8d5d72adbf41a459b","name":"joseramon","image":{"@type":"ImageObject","inLanguage":"en-US","@id":"https:\/\/secure.gravatar.com\/avatar\/fe8f4562cb51f9157f5a68b120d7342b98c67520619593fd8ea26a46913fdea2?s=96&d=mm&r=g","url":"https:\/\/secure.gravatar.com\/avatar\/fe8f4562cb51f9157f5a68b120d7342b98c67520619593fd8ea26a46913fdea2?s=96&d=mm&r=g","contentUrl":"https:\/\/secure.gravatar.com\/avatar\/fe8f4562cb51f9157f5a68b120d7342b98c67520619593fd8ea26a46913fdea2?s=96&d=mm&r=g","caption":"joseramon"}}]}},"_links":{"self":[{"href":"https:\/\/montanomiranda.com\/en\/wp-json\/wp\/v2\/posts\/39257","targetHints":{"allow":["GET"]}}],"collection":[{"href":"https:\/\/montanomiranda.com\/en\/wp-json\/wp\/v2\/posts"}],"about":[{"href":"https:\/\/montanomiranda.com\/en\/wp-json\/wp\/v2\/types\/post"}],"author":[{"embeddable":true,"href":"https:\/\/montanomiranda.com\/en\/wp-json\/wp\/v2\/users\/9"}],"replies":[{"embeddable":true,"href":"https:\/\/montanomiranda.com\/en\/wp-json\/wp\/v2\/comments?post=39257"}],"version-history":[{"count":5,"href":"https:\/\/montanomiranda.com\/en\/wp-json\/wp\/v2\/posts\/39257\/revisions"}],"predecessor-version":[{"id":39268,"href":"https:\/\/montanomiranda.com\/en\/wp-json\/wp\/v2\/posts\/39257\/revisions\/39268"}],"wp:featuredmedia":[{"embeddable":true,"href":"https:\/\/montanomiranda.com\/en\/wp-json\/wp\/v2\/media\/39259"}],"wp:attachment":[{"href":"https:\/\/montanomiranda.com\/en\/wp-json\/wp\/v2\/media?parent=39257"}],"wp:term":[{"taxonomy":"category","embeddable":true,"href":"https:\/\/montanomiranda.com\/en\/wp-json\/wp\/v2\/categories?post=39257"},{"taxonomy":"post_tag","embeddable":true,"href":"https:\/\/montanomiranda.com\/en\/wp-json\/wp\/v2\/tags?post=39257"}],"curies":[{"name":"wp","href":"https:\/\/api.w.org\/{rel}","templated":true}]}}