{"id":39126,"date":"2026-02-12T14:40:43","date_gmt":"2026-02-12T14:40:43","guid":{"rendered":"https:\/\/montanomiranda.com\/?p=39126"},"modified":"2026-02-12T16:23:09","modified_gmt":"2026-02-12T16:23:09","slug":"montano-miranda-cumple-18-anos-liderazgo-y-compromiso-al-servicio-de-los-inmigrantes","status":"publish","type":"post","link":"https:\/\/montanomiranda.com\/en\/montano-miranda-cumple-18-anos-liderazgo-y-compromiso-al-servicio-de-los-inmigrantes\/","title":{"rendered":"Montano Miranda cumple 18 a\u00f1os: liderazgo y compromiso al servicio de los inmigrantes"},"content":{"rendered":"<div data-elementor-type=\"wp-post\" data-elementor-id=\"39126\" class=\"elementor elementor-39126\" data-elementor-post-type=\"post\">\n\t\t\t\t<div class=\"elementor-element elementor-element-9690688 e-flex e-con-boxed e-con e-parent\" data-id=\"9690688\" data-element_type=\"container\" data-e-type=\"container\">\n\t\t\t\t\t<div class=\"e-con-inner\">\n\t\t\t\t<div class=\"elementor-element elementor-element-02c3181 elementor-widget elementor-widget-text-editor\" data-id=\"02c3181\" data-element_type=\"widget\" data-e-type=\"widget\" data-widget_type=\"text-editor.default\">\n\t\t\t\t<div class=\"elementor-widget-container\">\n\t\t\t\t\t\t\t\t\t<p style=\"font-weight: 400;\">Montano Miranda celebra, este mes de febrero, 18 a\u00f1os de compromiso, resultados y liderazgo en derecho migratorio. En el marco de este aniversario, conversamos con su fundador y director, el abogado Javier Montano Miranda, quien comparte en esta entrevista la historia detr\u00e1s de la firma, los desaf\u00edos superados, los valores que han definido su trayectoria y la visi\u00f3n que proyecta hacia el futuro.<\/p><p style=\"font-weight: 400;\"><strong>\u25cf Est\u00e1 cumpliendo 18 a\u00f1os al frente de Montano Miranda Law Office. \u00bfQu\u00e9 significa este aniversario para usted?<\/strong><\/p><p style=\"font-weight: 400;\"><strong>JMM:<\/strong>\u00a0Es un logro muy significativo, sobre todo en los \u00faltimos meses, en los que hemos enfrentado muchos retos por una administraci\u00f3n que no ha sido particularmente amigable con los inmigrantes. Aun as\u00ed, es un aniversario muy satisfactorio para m\u00ed, pero, sobre todo, para mis clientes. Creo que los resultados que hemos obtenido \u00faltimamente hablan del trabajo que hacemos en nuestra oficina, pero tambi\u00e9n del gran equipo y de los aliados que nos han acompa\u00f1ado. Es una fecha que celebro al 100% junto a todo el\u00a0<em>staff<\/em>\u00a0de la firma.<\/p><p style=\"font-weight: 400;\"><strong>\u25cf \u00bfC\u00f3mo naci\u00f3 Montano Miranda Law Office? \u00bfC\u00f3mo fueron los inicios?<\/strong><\/p><p style=\"font-weight: 400;\"><strong>JMM<\/strong>: Montano Miranda comenz\u00f3 en 2008 con una idea muy clara: representar a los inmigrantes bajo tres pilares fundamentales: profesionalismo, honestidad y empat\u00eda. Empezamos en una oficina peque\u00f1a, pr\u00e1cticamente con un equipo m\u00ednimo, Olga Gonz\u00e1lez y mi persona. Olga sigue siendo hasta hoy mi mano derecha en la firma. Desde el inicio tuvimos la fortuna de que nuestros propios clientes nos recomendaran. De hecho, cerca del 90% de nuestros casos llegan por referencias, lo cual habla de la confianza en nuestro trabajo.<\/p><p><img fetchpriority=\"high\" decoding=\"async\" class=\"aligncenter wp-image-39150\" src=\"https:\/\/montanomiranda.com\/wp-content\/uploads\/2026\/02\/WhatsApp-Image-2026-02-12-at-12.14.36-240x300.jpeg\" alt=\"\" width=\"452\" height=\"565\" srcset=\"https:\/\/montanomiranda.com\/wp-content\/uploads\/2026\/02\/WhatsApp-Image-2026-02-12-at-12.14.36-240x300.jpeg 240w, https:\/\/montanomiranda.com\/wp-content\/uploads\/2026\/02\/WhatsApp-Image-2026-02-12-at-12.14.36-819x1024.jpeg 819w, https:\/\/montanomiranda.com\/wp-content\/uploads\/2026\/02\/WhatsApp-Image-2026-02-12-at-12.14.36-768x960.jpeg 768w, https:\/\/montanomiranda.com\/wp-content\/uploads\/2026\/02\/WhatsApp-Image-2026-02-12-at-12.14.36-10x12.jpeg 10w, https:\/\/montanomiranda.com\/wp-content\/uploads\/2026\/02\/WhatsApp-Image-2026-02-12-at-12.14.36-80x100.jpeg 80w, https:\/\/montanomiranda.com\/wp-content\/uploads\/2026\/02\/WhatsApp-Image-2026-02-12-at-12.14.36-1000x1250.jpeg 1000w, https:\/\/montanomiranda.com\/wp-content\/uploads\/2026\/02\/WhatsApp-Image-2026-02-12-at-12.14.36.jpeg 1024w\" sizes=\"(max-width: 452px) 100vw, 452px\" \/><\/p><p style=\"font-weight: 400;\"><strong>\u25cf \u00bfCu\u00e1l fue el mayor desaf\u00edo que enfrent\u00f3 cuando abri\u00f3 MM?<\/strong><\/p><p style=\"font-weight: 400;\"><strong>JMM<\/strong>: El mayor desaf\u00edo fue atreverme. Dar ese paso de independencia fue dif\u00edcil, pero lo hice gracias al apoyo de mi esposa y de mi entonces socio, quienes me motivaron a emprender este camino.<\/p><p style=\"font-weight: 400;\"><strong>\u25cf \u00bfA qu\u00e9 atribuye el crecimiento sostenido de Montano Miranda en estos 18 a\u00f1os?<\/strong><\/p><p style=\"font-weight: 400;\"><strong>JMM<\/strong>: Principalmente a la empat\u00eda. La mayor\u00eda de quienes formamos parte de MM somos inmigrantes, y eso genera una conexi\u00f3n inmediata con nuestros clientes. No es lo mismo aconsejar sobre algo que nunca has vivido que comprender realmente la ansiedad, el miedo y la esperanza que acompa\u00f1an estos procesos en Estados Unidos. Creo que esa sensibilidad ha sido clave para nuestro \u00e9xito.<\/p><p style=\"font-weight: 400;\"><strong>\u25cf \u00bfImagin\u00f3 el \u00e9xito que alcanzar\u00eda la firma?<\/strong><\/p><p style=\"font-weight: 400;\"><strong>JMM<\/strong>: La verdad es que s\u00ed. Siempre supe que nos iba a ir bien porque trabajamos de manera profesional e intachable. Adem\u00e1s, nos caracteriza la claridad: decimos las cosas como son. Cuando un caso es viable, lo decimos; y cuando no lo es, tambi\u00e9n. Esa transparencia nos ha diferenciado.<\/p><p style=\"font-weight: 400;\"><strong>\u25cf \u00bfCu\u00e1les son los valores que han guiado a Montano Miranda durante estos 18 a\u00f1os?<\/strong><\/p><p style=\"font-weight: 400;\"><strong>JMM<\/strong>: Tres valores fundamentales: profesionalismo, claridad y empat\u00eda. Esos principios han definido nuestra pr\u00e1ctica y nuestra relaci\u00f3n con los clientes.<\/p><p style=\"font-weight: 400;\"><strong>\u25cf \u00bfQu\u00e9 ha aprendido de sus clientes a lo largo de estos a\u00f1os?<\/strong><\/p><p style=\"font-weight: 400;\"><strong>JMM<\/strong>: He aprendido que todos estamos en el mismo barco. Todos venimos a este pa\u00eds por necesidad: libertad, desarrollo profesional o simplemente mejores condiciones de vida. Esa realidad trasciende generaciones. Al final, todos buscamos un lugar donde podamos crecer sin l\u00edmites impuestos por otros.<\/p><p style=\"font-weight: 400;\"><strong>\u25cf Hablemos de su equipo. \u00bfQu\u00e9 importancia ha tenido el staff de Montano Miranda en estos resultados?<\/strong><\/p><p style=\"font-weight: 400;\"><strong>JMM<\/strong>: Es fundamental. Mucha gente piensa que el \u00e9xito de la oficina recae solo en m\u00ed, pero eso no es cierto. Yo dise\u00f1o y superviso las estrategias legales, pero el m\u00e9rito real es de mi equipo.<\/p><p style=\"font-weight: 400;\"><strong>\u25cf Su trabajo implica manejar historias de vida, algunas complejas. \u00bfC\u00f3mo maneja las emociones que surgen en estos casos?<\/strong><\/p><p style=\"font-weight: 400;\"><strong>JMM<\/strong>: Diciendo siempre la verdad. La honestidad libera, tanto al cliente como a m\u00ed. Ser claro y transparente es la \u00fanica forma de llevar una pr\u00e1ctica con la complejidad que tiene el derecho migratorio en este pa\u00eds.<\/p><p style=\"font-weight: 400;\"><strong>\u25cf \u00bfHubo un momento en el que confirm\u00f3 que vali\u00f3 la pena crear Montano Miranda?<\/strong><\/p><p style=\"font-weight: 400;\"><strong>JMM<\/strong>: Desde el primer d\u00eda. Sent\u00ed que era lo que el universo, mi familia y yo mismo esper\u00e1bamos de m\u00ed. Fue la validaci\u00f3n de una idea que siempre tuve.<\/p><p style=\"font-weight: 400;\"><strong>\u25cf \u00bfCu\u00e1ntos casos ha manejado Montano Miranda en estos 18 a\u00f1os?<\/strong><\/p><p style=\"font-weight: 400;\"><strong>JMM<\/strong>: Es dif\u00edcil cuantificarlo porque un solo caso puede implicar m\u00faltiples procesos. Pero definitivamente han sido much\u00edsimos, miles, a lo largo de estos a\u00f1os y afortunadamente la mayor\u00eda con resultados satisfactorios.<\/p><p style=\"font-weight: 400;\"><strong>\u25cf \u00bfQu\u00e9 mensaje quiere dejar a sus clientes en este aniversario?<\/strong><\/p><p style=\"font-weight: 400;\"><strong>JMM<\/strong>: Gracias: mil gracias por su confianza. Hay muchas firmas excelentes, pero que hayan elegido a Montano Miranda es un honor invaluable. Gracias por permitirnos ser parte de su historia.<\/p><p style=\"font-weight: 400;\"><strong>\u25cf \u00bfEst\u00e1 orgulloso de Montano Miranda?<\/strong><\/p><p style=\"font-weight: 400;\"><strong>JMM<\/strong>: Much\u00edsimo. Estoy muy orgulloso de lo que hemos logrado y agradecido por haber podido ejercer esta profesi\u00f3n que tanto amo.<\/p>\t\t\t\t\t\t\t\t<\/div>\n\t\t\t\t<\/div>\n\t\t\t\t\t<\/div>\n\t\t\t\t<\/div>\n\t\t\t\t<\/div>","protected":false},"excerpt":{"rendered":"<p>Montano Miranda celebra, este mes de febrero, 18 a\u00f1os de compromiso, resultados y liderazgo en derecho migratorio. En el marco de este aniversario, conversamos con su fundador y director, el [&hellip;]<\/p>\n","protected":false},"author":9,"featured_media":39128,"comment_status":"closed","ping_status":"open","sticky":false,"template":"","format":"standard","meta":{"footnotes":""},"categories":[1],"tags":[],"class_list":["post-39126","post","type-post","status-publish","format-standard","has-post-thumbnail","hentry","category-lawyers"],"yoast_head":"<!-- This site is optimized with the Yoast SEO plugin v27.5 - https:\/\/yoast.com\/product\/yoast-seo-wordpress\/ -->\n<title>Montano Miranda cumple 18 a\u00f1os: liderazgo y compromiso al servicio de los inmigrantes<\/title>\n<meta name=\"robots\" content=\"index, follow, max-snippet:-1, max-image-preview:large, max-video-preview:-1\" \/>\n<link rel=\"canonical\" href=\"https:\/\/montanomiranda.com\/en\/montano-miranda-cumple-18-anos-liderazgo-y-compromiso-al-servicio-de-los-inmigrantes\/\" \/>\n<meta property=\"og:locale\" content=\"en_US\" \/>\n<meta property=\"og:type\" content=\"article\" \/>\n<meta property=\"og:title\" content=\"Montano Miranda cumple 18 a\u00f1os: liderazgo y compromiso al servicio de los inmigrantes\" \/>\n<meta property=\"og:description\" content=\"Montano Miranda celebra, este mes de febrero, 18 a\u00f1os de compromiso, resultados y liderazgo en derecho migratorio. En el marco de este aniversario, conversamos con su fundador y director, el [&hellip;]\" \/>\n<meta property=\"og:url\" content=\"https:\/\/montanomiranda.com\/en\/montano-miranda-cumple-18-anos-liderazgo-y-compromiso-al-servicio-de-los-inmigrantes\/\" \/>\n<meta property=\"og:site_name\" content=\"Montano Miranda - Abogado de inmigrac\u00edon en Miami\" \/>\n<meta property=\"article:published_time\" content=\"2026-02-12T14:40:43+00:00\" \/>\n<meta property=\"article:modified_time\" content=\"2026-02-12T16:23:09+00:00\" \/>\n<meta property=\"og:image\" content=\"https:\/\/montanomiranda.com\/wp-content\/uploads\/2026\/02\/WhatsApp-Image-2026-02-12-at-10.29.24.jpeg\" \/>\n\t<meta property=\"og:image:width\" content=\"1125\" \/>\n\t<meta property=\"og:image:height\" content=\"548\" \/>\n\t<meta property=\"og:image:type\" content=\"image\/jpeg\" \/>\n<meta name=\"author\" content=\"joseramon\" \/>\n<meta name=\"twitter:card\" content=\"summary_large_image\" \/>\n<meta name=\"twitter:label1\" content=\"Written by\" \/>\n\t<meta name=\"twitter:data1\" content=\"joseramon\" \/>\n\t<meta name=\"twitter:label2\" content=\"Est. reading time\" \/>\n\t<meta name=\"twitter:data2\" content=\"4 minutes\" \/>\n<script type=\"application\/ld+json\" class=\"yoast-schema-graph\">{\"@context\":\"https:\\\/\\\/schema.org\",\"@graph\":[{\"@type\":\"Article\",\"@id\":\"https:\\\/\\\/montanomiranda.com\\\/montano-miranda-cumple-18-anos-liderazgo-y-compromiso-al-servicio-de-los-inmigrantes\\\/#article\",\"isPartOf\":{\"@id\":\"https:\\\/\\\/montanomiranda.com\\\/montano-miranda-cumple-18-anos-liderazgo-y-compromiso-al-servicio-de-los-inmigrantes\\\/\"},\"author\":{\"name\":\"joseramon\",\"@id\":\"https:\\\/\\\/montanomiranda.com\\\/es\\\/#\\\/schema\\\/person\\\/78466cc62152e5f8d5d72adbf41a459b\"},\"headline\":\"Montano Miranda cumple 18 a\u00f1os: liderazgo y compromiso al servicio de los inmigrantes\",\"datePublished\":\"2026-02-12T14:40:43+00:00\",\"dateModified\":\"2026-02-12T16:23:09+00:00\",\"mainEntityOfPage\":{\"@id\":\"https:\\\/\\\/montanomiranda.com\\\/montano-miranda-cumple-18-anos-liderazgo-y-compromiso-al-servicio-de-los-inmigrantes\\\/\"},\"wordCount\":841,\"publisher\":{\"@id\":\"https:\\\/\\\/montanomiranda.com\\\/es\\\/#organization\"},\"image\":{\"@id\":\"https:\\\/\\\/montanomiranda.com\\\/montano-miranda-cumple-18-anos-liderazgo-y-compromiso-al-servicio-de-los-inmigrantes\\\/#primaryimage\"},\"thumbnailUrl\":\"https:\\\/\\\/montanomiranda.com\\\/wp-content\\\/uploads\\\/2026\\\/02\\\/WhatsApp-Image-2026-02-12-at-10.29.24.jpeg\",\"articleSection\":[\"Lawyers\"],\"inLanguage\":\"en-US\"},{\"@type\":\"WebPage\",\"@id\":\"https:\\\/\\\/montanomiranda.com\\\/montano-miranda-cumple-18-anos-liderazgo-y-compromiso-al-servicio-de-los-inmigrantes\\\/\",\"url\":\"https:\\\/\\\/montanomiranda.com\\\/montano-miranda-cumple-18-anos-liderazgo-y-compromiso-al-servicio-de-los-inmigrantes\\\/\",\"name\":\"Montano Miranda cumple 18 a\u00f1os: liderazgo y compromiso al servicio de los inmigrantes\",\"isPartOf\":{\"@id\":\"https:\\\/\\\/montanomiranda.com\\\/es\\\/#website\"},\"primaryImageOfPage\":{\"@id\":\"https:\\\/\\\/montanomiranda.com\\\/montano-miranda-cumple-18-anos-liderazgo-y-compromiso-al-servicio-de-los-inmigrantes\\\/#primaryimage\"},\"image\":{\"@id\":\"https:\\\/\\\/montanomiranda.com\\\/montano-miranda-cumple-18-anos-liderazgo-y-compromiso-al-servicio-de-los-inmigrantes\\\/#primaryimage\"},\"thumbnailUrl\":\"https:\\\/\\\/montanomiranda.com\\\/wp-content\\\/uploads\\\/2026\\\/02\\\/WhatsApp-Image-2026-02-12-at-10.29.24.jpeg\",\"datePublished\":\"2026-02-12T14:40:43+00:00\",\"dateModified\":\"2026-02-12T16:23:09+00:00\",\"breadcrumb\":{\"@id\":\"https:\\\/\\\/montanomiranda.com\\\/montano-miranda-cumple-18-anos-liderazgo-y-compromiso-al-servicio-de-los-inmigrantes\\\/#breadcrumb\"},\"inLanguage\":\"en-US\",\"potentialAction\":[{\"@type\":\"ReadAction\",\"target\":[\"https:\\\/\\\/montanomiranda.com\\\/montano-miranda-cumple-18-anos-liderazgo-y-compromiso-al-servicio-de-los-inmigrantes\\\/\"]}]},{\"@type\":\"ImageObject\",\"inLanguage\":\"en-US\",\"@id\":\"https:\\\/\\\/montanomiranda.com\\\/montano-miranda-cumple-18-anos-liderazgo-y-compromiso-al-servicio-de-los-inmigrantes\\\/#primaryimage\",\"url\":\"https:\\\/\\\/montanomiranda.com\\\/wp-content\\\/uploads\\\/2026\\\/02\\\/WhatsApp-Image-2026-02-12-at-10.29.24.jpeg\",\"contentUrl\":\"https:\\\/\\\/montanomiranda.com\\\/wp-content\\\/uploads\\\/2026\\\/02\\\/WhatsApp-Image-2026-02-12-at-10.29.24.jpeg\",\"width\":1125,\"height\":548},{\"@type\":\"BreadcrumbList\",\"@id\":\"https:\\\/\\\/montanomiranda.com\\\/montano-miranda-cumple-18-anos-liderazgo-y-compromiso-al-servicio-de-los-inmigrantes\\\/#breadcrumb\",\"itemListElement\":[{\"@type\":\"ListItem\",\"position\":1,\"name\":\"Home\",\"item\":\"https:\\\/\\\/montanomiranda.com\\\/\"},{\"@type\":\"ListItem\",\"position\":2,\"name\":\"Montano Miranda cumple 18 a\u00f1os: liderazgo y compromiso al servicio de los inmigrantes\"}]},{\"@type\":\"WebSite\",\"@id\":\"https:\\\/\\\/montanomiranda.com\\\/es\\\/#website\",\"url\":\"https:\\\/\\\/montanomiranda.com\\\/es\\\/\",\"name\":\"Montano Miranda - Servicio de asosor\u00eda legal - Abogado de tr\u00e1mites migratorios EEUU\",\"description\":\"Montano Miranda - Servicio de asesor\u00eda legal - Abogado de tr\u00e1mites migratorios Miami\",\"publisher\":{\"@id\":\"https:\\\/\\\/montanomiranda.com\\\/es\\\/#organization\"},\"potentialAction\":[{\"@type\":\"SearchAction\",\"target\":{\"@type\":\"EntryPoint\",\"urlTemplate\":\"https:\\\/\\\/montanomiranda.com\\\/es\\\/?s={search_term_string}\"},\"query-input\":{\"@type\":\"PropertyValueSpecification\",\"valueRequired\":true,\"valueName\":\"search_term_string\"}}],\"inLanguage\":\"en-US\"},{\"@type\":\"Organization\",\"@id\":\"https:\\\/\\\/montanomiranda.com\\\/es\\\/#organization\",\"name\":\"Montano Miranda - Servicios de asesor\u00eda legal\",\"url\":\"https:\\\/\\\/montanomiranda.com\\\/es\\\/\",\"logo\":{\"@type\":\"ImageObject\",\"inLanguage\":\"en-US\",\"@id\":\"https:\\\/\\\/montanomiranda.com\\\/es\\\/#\\\/schema\\\/logo\\\/image\\\/\",\"url\":\"https:\\\/\\\/montanomiranda.com\\\/wp-content\\\/uploads\\\/2023\\\/07\\\/cropped-Untitled-design-12.png\",\"contentUrl\":\"https:\\\/\\\/montanomiranda.com\\\/wp-content\\\/uploads\\\/2023\\\/07\\\/cropped-Untitled-design-12.png\",\"width\":512,\"height\":512,\"caption\":\"Montano Miranda - Servicios de asesor\u00eda legal\"},\"image\":{\"@id\":\"https:\\\/\\\/montanomiranda.com\\\/es\\\/#\\\/schema\\\/logo\\\/image\\\/\"}},{\"@type\":\"Person\",\"@id\":\"https:\\\/\\\/montanomiranda.com\\\/es\\\/#\\\/schema\\\/person\\\/78466cc62152e5f8d5d72adbf41a459b\",\"name\":\"joseramon\",\"image\":{\"@type\":\"ImageObject\",\"inLanguage\":\"en-US\",\"@id\":\"https:\\\/\\\/secure.gravatar.com\\\/avatar\\\/fe8f4562cb51f9157f5a68b120d7342b98c67520619593fd8ea26a46913fdea2?s=96&d=mm&r=g\",\"url\":\"https:\\\/\\\/secure.gravatar.com\\\/avatar\\\/fe8f4562cb51f9157f5a68b120d7342b98c67520619593fd8ea26a46913fdea2?s=96&d=mm&r=g\",\"contentUrl\":\"https:\\\/\\\/secure.gravatar.com\\\/avatar\\\/fe8f4562cb51f9157f5a68b120d7342b98c67520619593fd8ea26a46913fdea2?s=96&d=mm&r=g\",\"caption\":\"joseramon\"}}]}<\/script>\n<!-- \/ Yoast SEO plugin. -->","yoast_head_json":{"title":"Montano Miranda cumple 18 a\u00f1os: liderazgo y compromiso al servicio de los inmigrantes","robots":{"index":"index","follow":"follow","max-snippet":"max-snippet:-1","max-image-preview":"max-image-preview:large","max-video-preview":"max-video-preview:-1"},"canonical":"https:\/\/montanomiranda.com\/en\/montano-miranda-cumple-18-anos-liderazgo-y-compromiso-al-servicio-de-los-inmigrantes\/","og_locale":"en_US","og_type":"article","og_title":"Montano Miranda cumple 18 a\u00f1os: liderazgo y compromiso al servicio de los inmigrantes","og_description":"Montano Miranda celebra, este mes de febrero, 18 a\u00f1os de compromiso, resultados y liderazgo en derecho migratorio. En el marco de este aniversario, conversamos con su fundador y director, el [&hellip;]","og_url":"https:\/\/montanomiranda.com\/en\/montano-miranda-cumple-18-anos-liderazgo-y-compromiso-al-servicio-de-los-inmigrantes\/","og_site_name":"Montano Miranda - Abogado de inmigrac\u00edon en Miami","article_published_time":"2026-02-12T14:40:43+00:00","article_modified_time":"2026-02-12T16:23:09+00:00","og_image":[{"width":1125,"height":548,"url":"https:\/\/montanomiranda.com\/wp-content\/uploads\/2026\/02\/WhatsApp-Image-2026-02-12-at-10.29.24.jpeg","type":"image\/jpeg"}],"author":"joseramon","twitter_card":"summary_large_image","twitter_misc":{"Written by":"joseramon","Est. reading time":"4 minutes"},"schema":{"@context":"https:\/\/schema.org","@graph":[{"@type":"Article","@id":"https:\/\/montanomiranda.com\/montano-miranda-cumple-18-anos-liderazgo-y-compromiso-al-servicio-de-los-inmigrantes\/#article","isPartOf":{"@id":"https:\/\/montanomiranda.com\/montano-miranda-cumple-18-anos-liderazgo-y-compromiso-al-servicio-de-los-inmigrantes\/"},"author":{"name":"joseramon","@id":"https:\/\/montanomiranda.com\/es\/#\/schema\/person\/78466cc62152e5f8d5d72adbf41a459b"},"headline":"Montano Miranda cumple 18 a\u00f1os: liderazgo y compromiso al servicio de los inmigrantes","datePublished":"2026-02-12T14:40:43+00:00","dateModified":"2026-02-12T16:23:09+00:00","mainEntityOfPage":{"@id":"https:\/\/montanomiranda.com\/montano-miranda-cumple-18-anos-liderazgo-y-compromiso-al-servicio-de-los-inmigrantes\/"},"wordCount":841,"publisher":{"@id":"https:\/\/montanomiranda.com\/es\/#organization"},"image":{"@id":"https:\/\/montanomiranda.com\/montano-miranda-cumple-18-anos-liderazgo-y-compromiso-al-servicio-de-los-inmigrantes\/#primaryimage"},"thumbnailUrl":"https:\/\/montanomiranda.com\/wp-content\/uploads\/2026\/02\/WhatsApp-Image-2026-02-12-at-10.29.24.jpeg","articleSection":["Lawyers"],"inLanguage":"en-US"},{"@type":"WebPage","@id":"https:\/\/montanomiranda.com\/montano-miranda-cumple-18-anos-liderazgo-y-compromiso-al-servicio-de-los-inmigrantes\/","url":"https:\/\/montanomiranda.com\/montano-miranda-cumple-18-anos-liderazgo-y-compromiso-al-servicio-de-los-inmigrantes\/","name":"Montano Miranda cumple 18 a\u00f1os: liderazgo y compromiso al servicio de los inmigrantes","isPartOf":{"@id":"https:\/\/montanomiranda.com\/es\/#website"},"primaryImageOfPage":{"@id":"https:\/\/montanomiranda.com\/montano-miranda-cumple-18-anos-liderazgo-y-compromiso-al-servicio-de-los-inmigrantes\/#primaryimage"},"image":{"@id":"https:\/\/montanomiranda.com\/montano-miranda-cumple-18-anos-liderazgo-y-compromiso-al-servicio-de-los-inmigrantes\/#primaryimage"},"thumbnailUrl":"https:\/\/montanomiranda.com\/wp-content\/uploads\/2026\/02\/WhatsApp-Image-2026-02-12-at-10.29.24.jpeg","datePublished":"2026-02-12T14:40:43+00:00","dateModified":"2026-02-12T16:23:09+00:00","breadcrumb":{"@id":"https:\/\/montanomiranda.com\/montano-miranda-cumple-18-anos-liderazgo-y-compromiso-al-servicio-de-los-inmigrantes\/#breadcrumb"},"inLanguage":"en-US","potentialAction":[{"@type":"ReadAction","target":["https:\/\/montanomiranda.com\/montano-miranda-cumple-18-anos-liderazgo-y-compromiso-al-servicio-de-los-inmigrantes\/"]}]},{"@type":"ImageObject","inLanguage":"en-US","@id":"https:\/\/montanomiranda.com\/montano-miranda-cumple-18-anos-liderazgo-y-compromiso-al-servicio-de-los-inmigrantes\/#primaryimage","url":"https:\/\/montanomiranda.com\/wp-content\/uploads\/2026\/02\/WhatsApp-Image-2026-02-12-at-10.29.24.jpeg","contentUrl":"https:\/\/montanomiranda.com\/wp-content\/uploads\/2026\/02\/WhatsApp-Image-2026-02-12-at-10.29.24.jpeg","width":1125,"height":548},{"@type":"BreadcrumbList","@id":"https:\/\/montanomiranda.com\/montano-miranda-cumple-18-anos-liderazgo-y-compromiso-al-servicio-de-los-inmigrantes\/#breadcrumb","itemListElement":[{"@type":"ListItem","position":1,"name":"Home","item":"https:\/\/montanomiranda.com\/"},{"@type":"ListItem","position":2,"name":"Montano Miranda cumple 18 a\u00f1os: liderazgo y compromiso al servicio de los inmigrantes"}]},{"@type":"WebSite","@id":"https:\/\/montanomiranda.com\/es\/#website","url":"https:\/\/montanomiranda.com\/es\/","name":"Montano Miranda - Servicio de asosor\u00eda legal - Abogado de tr\u00e1mites migratorios EEUU","description":"Montano Miranda - Servicio de asesor\u00eda legal - Abogado de tr\u00e1mites migratorios Miami","publisher":{"@id":"https:\/\/montanomiranda.com\/es\/#organization"},"potentialAction":[{"@type":"SearchAction","target":{"@type":"EntryPoint","urlTemplate":"https:\/\/montanomiranda.com\/es\/?s={search_term_string}"},"query-input":{"@type":"PropertyValueSpecification","valueRequired":true,"valueName":"search_term_string"}}],"inLanguage":"en-US"},{"@type":"Organization","@id":"https:\/\/montanomiranda.com\/es\/#organization","name":"Montano Miranda - Servicios de asesor\u00eda legal","url":"https:\/\/montanomiranda.com\/es\/","logo":{"@type":"ImageObject","inLanguage":"en-US","@id":"https:\/\/montanomiranda.com\/es\/#\/schema\/logo\/image\/","url":"https:\/\/montanomiranda.com\/wp-content\/uploads\/2023\/07\/cropped-Untitled-design-12.png","contentUrl":"https:\/\/montanomiranda.com\/wp-content\/uploads\/2023\/07\/cropped-Untitled-design-12.png","width":512,"height":512,"caption":"Montano Miranda - Servicios de asesor\u00eda legal"},"image":{"@id":"https:\/\/montanomiranda.com\/es\/#\/schema\/logo\/image\/"}},{"@type":"Person","@id":"https:\/\/montanomiranda.com\/es\/#\/schema\/person\/78466cc62152e5f8d5d72adbf41a459b","name":"joseramon","image":{"@type":"ImageObject","inLanguage":"en-US","@id":"https:\/\/secure.gravatar.com\/avatar\/fe8f4562cb51f9157f5a68b120d7342b98c67520619593fd8ea26a46913fdea2?s=96&d=mm&r=g","url":"https:\/\/secure.gravatar.com\/avatar\/fe8f4562cb51f9157f5a68b120d7342b98c67520619593fd8ea26a46913fdea2?s=96&d=mm&r=g","contentUrl":"https:\/\/secure.gravatar.com\/avatar\/fe8f4562cb51f9157f5a68b120d7342b98c67520619593fd8ea26a46913fdea2?s=96&d=mm&r=g","caption":"joseramon"}}]}},"_links":{"self":[{"href":"https:\/\/montanomiranda.com\/en\/wp-json\/wp\/v2\/posts\/39126","targetHints":{"allow":["GET"]}}],"collection":[{"href":"https:\/\/montanomiranda.com\/en\/wp-json\/wp\/v2\/posts"}],"about":[{"href":"https:\/\/montanomiranda.com\/en\/wp-json\/wp\/v2\/types\/post"}],"author":[{"embeddable":true,"href":"https:\/\/montanomiranda.com\/en\/wp-json\/wp\/v2\/users\/9"}],"replies":[{"embeddable":true,"href":"https:\/\/montanomiranda.com\/en\/wp-json\/wp\/v2\/comments?post=39126"}],"version-history":[{"count":5,"href":"https:\/\/montanomiranda.com\/en\/wp-json\/wp\/v2\/posts\/39126\/revisions"}],"predecessor-version":[{"id":39153,"href":"https:\/\/montanomiranda.com\/en\/wp-json\/wp\/v2\/posts\/39126\/revisions\/39153"}],"wp:featuredmedia":[{"embeddable":true,"href":"https:\/\/montanomiranda.com\/en\/wp-json\/wp\/v2\/media\/39128"}],"wp:attachment":[{"href":"https:\/\/montanomiranda.com\/en\/wp-json\/wp\/v2\/media?parent=39126"}],"wp:term":[{"taxonomy":"category","embeddable":true,"href":"https:\/\/montanomiranda.com\/en\/wp-json\/wp\/v2\/categories?post=39126"},{"taxonomy":"post_tag","embeddable":true,"href":"https:\/\/montanomiranda.com\/en\/wp-json\/wp\/v2\/tags?post=39126"}],"curies":[{"name":"wp","href":"https:\/\/api.w.org\/{rel}","templated":true}]}}