{"id":39115,"date":"2026-02-09T16:28:21","date_gmt":"2026-02-09T16:28:21","guid":{"rendered":"https:\/\/montanomiranda.com\/?p=39115"},"modified":"2026-02-10T01:01:14","modified_gmt":"2026-02-10T01:01:14","slug":"asilo-en-ee-uu-que-pasa-si-viviste-en-un-tercer-pais","status":"publish","type":"post","link":"https:\/\/montanomiranda.com\/en\/asilo-en-ee-uu-que-pasa-si-viviste-en-un-tercer-pais\/","title":{"rendered":"Asilo en EE. UU.: \u00bfQu\u00e9 pasa si viviste en un tercer pa\u00eds?"},"content":{"rendered":"<div data-elementor-type=\"wp-post\" data-elementor-id=\"39115\" class=\"elementor elementor-39115\" data-elementor-post-type=\"post\">\n\t\t\t\t<div class=\"elementor-element elementor-element-0048d0f e-flex e-con-boxed e-con e-parent\" data-id=\"0048d0f\" data-element_type=\"container\" data-e-type=\"container\">\n\t\t\t\t\t<div class=\"e-con-inner\">\n\t\t\t\t<div class=\"elementor-element elementor-element-f088901 elementor-widget elementor-widget-text-editor\" data-id=\"f088901\" data-element_type=\"widget\" data-e-type=\"widget\" data-widget_type=\"text-editor.default\">\n\t\t\t\t<div class=\"elementor-widget-container\">\n\t\t\t\t\t\t\t\t\t<p style=\"font-weight: 400;\">Durante un\u00a0<em>En Vivo<\/em>\u00a0de Instagram conducido por el periodista Miguel \u00c1ngel Rodr\u00edguez, el abogado de inmigraci\u00f3n, Javier Montano Miranda, abord\u00f3 un tema crucial para los solicitantes de asilo: las implicaciones de haber vivido en un tercer pa\u00eds.<\/p><p style=\"font-weight: 400;\"><strong>Miguel \u00c1ngel Rodr\u00edguez: Javier, \u00bfes cierto que vivir en un tercer pa\u00eds antes de llegar a EE. UU. puede afectar una solicitud de asilo?<\/strong><\/p><p style=\"font-weight: 400;\"><strong>Javier Montano Miranda<\/strong>: S\u00ed, eso puede tener un impacto muy importante. Si una persona vivi\u00f3 en otro pa\u00eds antes de llegar a Estados Unidos, el gobierno puede considerar que esa persona ya encontr\u00f3 \u201cprotecci\u00f3n\u201d en ese tercer pa\u00eds. Eso puede afectar su caso de asilo aqu\u00ed, a menos que se pueda demostrar que tambi\u00e9n sufri\u00f3 persecuci\u00f3n o no estaba segura all\u00ed.<\/p><p style=\"font-weight: 400;\"><strong>MAR: \u00bfHay alg\u00fan l\u00edmite de tiempo para considerar que viviste en ese tercer pa\u00eds?<\/strong><\/p><p style=\"font-weight: 400;\"><strong>JMM<\/strong>: No hay un n\u00famero m\u00e1gico, pero si pasaste m\u00e1s de dos o tres semanas all\u00ed, ya pueden empezar a cuestionarte. Especialmente si trabajaste, te registraste o pediste alg\u00fan beneficio. Eso puede interpretarse como que \u201cte estableciste\u201d, aunque sea de manera temporal.<\/p><p style=\"font-weight: 400;\"><strong>MAR: \u00bfY qu\u00e9 pasa si solo estuve en ese pa\u00eds de paso, esperando mi turno para cruzar?<\/strong><\/p><p style=\"font-weight: 400;\"><strong>JMM<\/strong>: Si puedes probar que fue simplemente una estancia breve, sin intenci\u00f3n de establecerte, eso ayuda. Pero hay que documentarlo muy bien: tiquetes, fechas, pruebas de que no pediste asilo ni buscaste residencia all\u00ed.<\/p><p style=\"font-weight: 400;\"><strong>MAR: \u00bfLas autoridades migratorias en EE. UU. est\u00e1n usando este argumento m\u00e1s seguido?<\/strong><\/p><p style=\"font-weight: 400;\"><strong>JMM<\/strong>: Totalmente. Lo est\u00e1n utilizando como una forma de negar asilos. Es parte de una estrategia m\u00e1s amplia de reducir las aprobaciones. Por eso es fundamental que las personas cuenten su historia completa, desde el pa\u00eds de origen hasta su llegada a EE. UU., con honestidad y precisi\u00f3n.<\/p><p style=\"font-weight: 400;\"><strong>MAR: \u00bfEs decir debes demostrar que fuiste perseguido en este tercer pa\u00eds?<\/strong><\/p><p style=\"font-weight: 400;\"><strong>JMM<\/strong>: S\u00ed, exactamente. Si viviste en un tercer pa\u00eds antes de llegar a Estados Unidos y ahora est\u00e1s solicitando asilo, debes demostrar que en ese pa\u00eds tambi\u00e9n fuiste perseguido o que no estabas seguro all\u00ed. El gobierno de EE. UU. puede argumentar que ya encontraste protecci\u00f3n en ese tercer pa\u00eds y, por lo tanto, no necesitas asilo aqu\u00ed.<br \/>Para contrarrestar eso, necesitas probar que fuiste perseguido o amenazado en ese tercer pa\u00eds, no solo en tu pa\u00eds de origen o que ese pa\u00eds no te ofrec\u00eda protecci\u00f3n efectiva.<\/p><p style=\"font-weight: 400;\">\u00a0<\/p><p style=\"font-weight: 400;\"><strong>MAR: \u00bfQu\u00e9 consejo le das a alguien que pas\u00f3 por un tercer pa\u00eds y ahora quiere pedir asilo?<\/strong><\/p><p style=\"font-weight: 400;\"><strong>JMM<\/strong>: Que no lo oculte. Mentir o esconder esa parte del viaje puede ser a\u00fan peor. Lo mejor es explicarlo claramente y contar con la asesor\u00eda de un abogado para armar bien el caso. Cada detalle importa. Si viviste en un tercer pa\u00eds, debes declararlo en tu aplicaci\u00f3n y prepararte para argumentar esa estad\u00eda frente al oficial de asilo.<\/p><p style=\"font-weight: 400;\"><strong>Rodr\u00edguez<\/strong>: \u00bfUn asilo mal presentado puede llevar a deportaci\u00f3n?<\/p><p style=\"font-weight: 400;\"><strong>Montano<\/strong>: Sin duda. Presentar un asilo sin fundamentos legales s\u00f3lidos puede resultar en un proceso de deportaci\u00f3n. Es muy delicado. Por eso siempre recomiendo buscar orientaci\u00f3n legal antes de presentar cualquier solicitud.<\/p><p style=\"font-weight: 400;\">\u00a0<\/p>\t\t\t\t\t\t\t\t<\/div>\n\t\t\t\t<\/div>\n\t\t\t\t\t<\/div>\n\t\t\t\t<\/div>\n\t\t\t\t<\/div>","protected":false},"excerpt":{"rendered":"<p>Durante un\u00a0En Vivo\u00a0de Instagram conducido por el periodista Miguel \u00c1ngel Rodr\u00edguez, el abogado de inmigraci\u00f3n, Javier Montano Miranda, abord\u00f3 un tema crucial para los solicitantes de asilo: las implicaciones de [&hellip;]<\/p>\n","protected":false},"author":9,"featured_media":39117,"comment_status":"closed","ping_status":"open","sticky":false,"template":"","format":"standard","meta":{"footnotes":""},"categories":[1],"tags":[],"class_list":["post-39115","post","type-post","status-publish","format-standard","has-post-thumbnail","hentry","category-lawyers"],"yoast_head":"<!-- This site is optimized with the Yoast SEO plugin v27.5 - https:\/\/yoast.com\/product\/yoast-seo-wordpress\/ -->\n<title>Asilo en EE. UU.: \u00bfQu\u00e9 pasa si viviste en un tercer pa\u00eds?<\/title>\n<meta name=\"robots\" content=\"index, follow, max-snippet:-1, max-image-preview:large, max-video-preview:-1\" \/>\n<link rel=\"canonical\" href=\"https:\/\/montanomiranda.com\/en\/asilo-en-ee-uu-que-pasa-si-viviste-en-un-tercer-pais\/\" \/>\n<meta property=\"og:locale\" content=\"en_US\" \/>\n<meta property=\"og:type\" content=\"article\" \/>\n<meta property=\"og:title\" content=\"Asilo en EE. UU.: \u00bfQu\u00e9 pasa si viviste en un tercer pa\u00eds?\" \/>\n<meta property=\"og:description\" content=\"Durante un\u00a0En Vivo\u00a0de Instagram conducido por el periodista Miguel \u00c1ngel Rodr\u00edguez, el abogado de inmigraci\u00f3n, Javier Montano Miranda, abord\u00f3 un tema crucial para los solicitantes de asilo: las implicaciones de [&hellip;]\" \/>\n<meta property=\"og:url\" content=\"https:\/\/montanomiranda.com\/en\/asilo-en-ee-uu-que-pasa-si-viviste-en-un-tercer-pais\/\" \/>\n<meta property=\"og:site_name\" content=\"Montano Miranda - Abogado de inmigrac\u00edon en Miami\" \/>\n<meta property=\"article:published_time\" content=\"2026-02-09T16:28:21+00:00\" \/>\n<meta property=\"article:modified_time\" content=\"2026-02-10T01:01:14+00:00\" \/>\n<meta property=\"og:image\" content=\"https:\/\/montanomiranda.com\/wp-content\/uploads\/2026\/02\/ChatGPT-Image-9-feb-2026-12_28_00.png\" \/>\n\t<meta property=\"og:image:width\" content=\"1536\" \/>\n\t<meta property=\"og:image:height\" content=\"1024\" \/>\n\t<meta property=\"og:image:type\" content=\"image\/png\" \/>\n<meta name=\"author\" content=\"joseramon\" \/>\n<meta name=\"twitter:card\" content=\"summary_large_image\" \/>\n<meta name=\"twitter:label1\" content=\"Written by\" \/>\n\t<meta name=\"twitter:data1\" content=\"joseramon\" \/>\n\t<meta name=\"twitter:label2\" content=\"Est. reading time\" \/>\n\t<meta name=\"twitter:data2\" content=\"3 minutes\" \/>\n<script type=\"application\/ld+json\" class=\"yoast-schema-graph\">{\"@context\":\"https:\\\/\\\/schema.org\",\"@graph\":[{\"@type\":\"Article\",\"@id\":\"https:\\\/\\\/montanomiranda.com\\\/asilo-en-ee-uu-que-pasa-si-viviste-en-un-tercer-pais\\\/#article\",\"isPartOf\":{\"@id\":\"https:\\\/\\\/montanomiranda.com\\\/asilo-en-ee-uu-que-pasa-si-viviste-en-un-tercer-pais\\\/\"},\"author\":{\"name\":\"joseramon\",\"@id\":\"https:\\\/\\\/montanomiranda.com\\\/es\\\/#\\\/schema\\\/person\\\/78466cc62152e5f8d5d72adbf41a459b\"},\"headline\":\"Asilo en EE. UU.: \u00bfQu\u00e9 pasa si viviste en un tercer pa\u00eds?\",\"datePublished\":\"2026-02-09T16:28:21+00:00\",\"dateModified\":\"2026-02-10T01:01:14+00:00\",\"mainEntityOfPage\":{\"@id\":\"https:\\\/\\\/montanomiranda.com\\\/asilo-en-ee-uu-que-pasa-si-viviste-en-un-tercer-pais\\\/\"},\"wordCount\":570,\"publisher\":{\"@id\":\"https:\\\/\\\/montanomiranda.com\\\/es\\\/#organization\"},\"image\":{\"@id\":\"https:\\\/\\\/montanomiranda.com\\\/asilo-en-ee-uu-que-pasa-si-viviste-en-un-tercer-pais\\\/#primaryimage\"},\"thumbnailUrl\":\"https:\\\/\\\/montanomiranda.com\\\/wp-content\\\/uploads\\\/2026\\\/02\\\/ChatGPT-Image-9-feb-2026-12_28_00.png\",\"articleSection\":[\"Lawyers\"],\"inLanguage\":\"en-US\"},{\"@type\":\"WebPage\",\"@id\":\"https:\\\/\\\/montanomiranda.com\\\/asilo-en-ee-uu-que-pasa-si-viviste-en-un-tercer-pais\\\/\",\"url\":\"https:\\\/\\\/montanomiranda.com\\\/asilo-en-ee-uu-que-pasa-si-viviste-en-un-tercer-pais\\\/\",\"name\":\"Asilo en EE. UU.: \u00bfQu\u00e9 pasa si viviste en un tercer pa\u00eds?\",\"isPartOf\":{\"@id\":\"https:\\\/\\\/montanomiranda.com\\\/es\\\/#website\"},\"primaryImageOfPage\":{\"@id\":\"https:\\\/\\\/montanomiranda.com\\\/asilo-en-ee-uu-que-pasa-si-viviste-en-un-tercer-pais\\\/#primaryimage\"},\"image\":{\"@id\":\"https:\\\/\\\/montanomiranda.com\\\/asilo-en-ee-uu-que-pasa-si-viviste-en-un-tercer-pais\\\/#primaryimage\"},\"thumbnailUrl\":\"https:\\\/\\\/montanomiranda.com\\\/wp-content\\\/uploads\\\/2026\\\/02\\\/ChatGPT-Image-9-feb-2026-12_28_00.png\",\"datePublished\":\"2026-02-09T16:28:21+00:00\",\"dateModified\":\"2026-02-10T01:01:14+00:00\",\"breadcrumb\":{\"@id\":\"https:\\\/\\\/montanomiranda.com\\\/asilo-en-ee-uu-que-pasa-si-viviste-en-un-tercer-pais\\\/#breadcrumb\"},\"inLanguage\":\"en-US\",\"potentialAction\":[{\"@type\":\"ReadAction\",\"target\":[\"https:\\\/\\\/montanomiranda.com\\\/asilo-en-ee-uu-que-pasa-si-viviste-en-un-tercer-pais\\\/\"]}]},{\"@type\":\"ImageObject\",\"inLanguage\":\"en-US\",\"@id\":\"https:\\\/\\\/montanomiranda.com\\\/asilo-en-ee-uu-que-pasa-si-viviste-en-un-tercer-pais\\\/#primaryimage\",\"url\":\"https:\\\/\\\/montanomiranda.com\\\/wp-content\\\/uploads\\\/2026\\\/02\\\/ChatGPT-Image-9-feb-2026-12_28_00.png\",\"contentUrl\":\"https:\\\/\\\/montanomiranda.com\\\/wp-content\\\/uploads\\\/2026\\\/02\\\/ChatGPT-Image-9-feb-2026-12_28_00.png\",\"width\":1536,\"height\":1024},{\"@type\":\"BreadcrumbList\",\"@id\":\"https:\\\/\\\/montanomiranda.com\\\/asilo-en-ee-uu-que-pasa-si-viviste-en-un-tercer-pais\\\/#breadcrumb\",\"itemListElement\":[{\"@type\":\"ListItem\",\"position\":1,\"name\":\"Home\",\"item\":\"https:\\\/\\\/montanomiranda.com\\\/\"},{\"@type\":\"ListItem\",\"position\":2,\"name\":\"Asilo en EE. UU.: \u00bfQu\u00e9 pasa si viviste en un tercer pa\u00eds?\"}]},{\"@type\":\"WebSite\",\"@id\":\"https:\\\/\\\/montanomiranda.com\\\/es\\\/#website\",\"url\":\"https:\\\/\\\/montanomiranda.com\\\/es\\\/\",\"name\":\"Montano Miranda - Servicio de asosor\u00eda legal - Abogado de tr\u00e1mites migratorios EEUU\",\"description\":\"Montano Miranda - Servicio de asesor\u00eda legal - Abogado de tr\u00e1mites migratorios Miami\",\"publisher\":{\"@id\":\"https:\\\/\\\/montanomiranda.com\\\/es\\\/#organization\"},\"potentialAction\":[{\"@type\":\"SearchAction\",\"target\":{\"@type\":\"EntryPoint\",\"urlTemplate\":\"https:\\\/\\\/montanomiranda.com\\\/es\\\/?s={search_term_string}\"},\"query-input\":{\"@type\":\"PropertyValueSpecification\",\"valueRequired\":true,\"valueName\":\"search_term_string\"}}],\"inLanguage\":\"en-US\"},{\"@type\":\"Organization\",\"@id\":\"https:\\\/\\\/montanomiranda.com\\\/es\\\/#organization\",\"name\":\"Montano Miranda - Servicios de asesor\u00eda legal\",\"url\":\"https:\\\/\\\/montanomiranda.com\\\/es\\\/\",\"logo\":{\"@type\":\"ImageObject\",\"inLanguage\":\"en-US\",\"@id\":\"https:\\\/\\\/montanomiranda.com\\\/es\\\/#\\\/schema\\\/logo\\\/image\\\/\",\"url\":\"https:\\\/\\\/montanomiranda.com\\\/wp-content\\\/uploads\\\/2023\\\/07\\\/cropped-Untitled-design-12.png\",\"contentUrl\":\"https:\\\/\\\/montanomiranda.com\\\/wp-content\\\/uploads\\\/2023\\\/07\\\/cropped-Untitled-design-12.png\",\"width\":512,\"height\":512,\"caption\":\"Montano Miranda - Servicios de asesor\u00eda legal\"},\"image\":{\"@id\":\"https:\\\/\\\/montanomiranda.com\\\/es\\\/#\\\/schema\\\/logo\\\/image\\\/\"}},{\"@type\":\"Person\",\"@id\":\"https:\\\/\\\/montanomiranda.com\\\/es\\\/#\\\/schema\\\/person\\\/78466cc62152e5f8d5d72adbf41a459b\",\"name\":\"joseramon\",\"image\":{\"@type\":\"ImageObject\",\"inLanguage\":\"en-US\",\"@id\":\"https:\\\/\\\/secure.gravatar.com\\\/avatar\\\/fe8f4562cb51f9157f5a68b120d7342b98c67520619593fd8ea26a46913fdea2?s=96&d=mm&r=g\",\"url\":\"https:\\\/\\\/secure.gravatar.com\\\/avatar\\\/fe8f4562cb51f9157f5a68b120d7342b98c67520619593fd8ea26a46913fdea2?s=96&d=mm&r=g\",\"contentUrl\":\"https:\\\/\\\/secure.gravatar.com\\\/avatar\\\/fe8f4562cb51f9157f5a68b120d7342b98c67520619593fd8ea26a46913fdea2?s=96&d=mm&r=g\",\"caption\":\"joseramon\"}}]}<\/script>\n<!-- \/ Yoast SEO plugin. -->","yoast_head_json":{"title":"Asilo en EE. UU.: \u00bfQu\u00e9 pasa si viviste en un tercer pa\u00eds?","robots":{"index":"index","follow":"follow","max-snippet":"max-snippet:-1","max-image-preview":"max-image-preview:large","max-video-preview":"max-video-preview:-1"},"canonical":"https:\/\/montanomiranda.com\/en\/asilo-en-ee-uu-que-pasa-si-viviste-en-un-tercer-pais\/","og_locale":"en_US","og_type":"article","og_title":"Asilo en EE. UU.: \u00bfQu\u00e9 pasa si viviste en un tercer pa\u00eds?","og_description":"Durante un\u00a0En Vivo\u00a0de Instagram conducido por el periodista Miguel \u00c1ngel Rodr\u00edguez, el abogado de inmigraci\u00f3n, Javier Montano Miranda, abord\u00f3 un tema crucial para los solicitantes de asilo: las implicaciones de [&hellip;]","og_url":"https:\/\/montanomiranda.com\/en\/asilo-en-ee-uu-que-pasa-si-viviste-en-un-tercer-pais\/","og_site_name":"Montano Miranda - Abogado de inmigrac\u00edon en Miami","article_published_time":"2026-02-09T16:28:21+00:00","article_modified_time":"2026-02-10T01:01:14+00:00","og_image":[{"width":1536,"height":1024,"url":"https:\/\/montanomiranda.com\/wp-content\/uploads\/2026\/02\/ChatGPT-Image-9-feb-2026-12_28_00.png","type":"image\/png"}],"author":"joseramon","twitter_card":"summary_large_image","twitter_misc":{"Written by":"joseramon","Est. reading time":"3 minutes"},"schema":{"@context":"https:\/\/schema.org","@graph":[{"@type":"Article","@id":"https:\/\/montanomiranda.com\/asilo-en-ee-uu-que-pasa-si-viviste-en-un-tercer-pais\/#article","isPartOf":{"@id":"https:\/\/montanomiranda.com\/asilo-en-ee-uu-que-pasa-si-viviste-en-un-tercer-pais\/"},"author":{"name":"joseramon","@id":"https:\/\/montanomiranda.com\/es\/#\/schema\/person\/78466cc62152e5f8d5d72adbf41a459b"},"headline":"Asilo en EE. UU.: \u00bfQu\u00e9 pasa si viviste en un tercer pa\u00eds?","datePublished":"2026-02-09T16:28:21+00:00","dateModified":"2026-02-10T01:01:14+00:00","mainEntityOfPage":{"@id":"https:\/\/montanomiranda.com\/asilo-en-ee-uu-que-pasa-si-viviste-en-un-tercer-pais\/"},"wordCount":570,"publisher":{"@id":"https:\/\/montanomiranda.com\/es\/#organization"},"image":{"@id":"https:\/\/montanomiranda.com\/asilo-en-ee-uu-que-pasa-si-viviste-en-un-tercer-pais\/#primaryimage"},"thumbnailUrl":"https:\/\/montanomiranda.com\/wp-content\/uploads\/2026\/02\/ChatGPT-Image-9-feb-2026-12_28_00.png","articleSection":["Lawyers"],"inLanguage":"en-US"},{"@type":"WebPage","@id":"https:\/\/montanomiranda.com\/asilo-en-ee-uu-que-pasa-si-viviste-en-un-tercer-pais\/","url":"https:\/\/montanomiranda.com\/asilo-en-ee-uu-que-pasa-si-viviste-en-un-tercer-pais\/","name":"Asilo en EE. UU.: \u00bfQu\u00e9 pasa si viviste en un tercer pa\u00eds?","isPartOf":{"@id":"https:\/\/montanomiranda.com\/es\/#website"},"primaryImageOfPage":{"@id":"https:\/\/montanomiranda.com\/asilo-en-ee-uu-que-pasa-si-viviste-en-un-tercer-pais\/#primaryimage"},"image":{"@id":"https:\/\/montanomiranda.com\/asilo-en-ee-uu-que-pasa-si-viviste-en-un-tercer-pais\/#primaryimage"},"thumbnailUrl":"https:\/\/montanomiranda.com\/wp-content\/uploads\/2026\/02\/ChatGPT-Image-9-feb-2026-12_28_00.png","datePublished":"2026-02-09T16:28:21+00:00","dateModified":"2026-02-10T01:01:14+00:00","breadcrumb":{"@id":"https:\/\/montanomiranda.com\/asilo-en-ee-uu-que-pasa-si-viviste-en-un-tercer-pais\/#breadcrumb"},"inLanguage":"en-US","potentialAction":[{"@type":"ReadAction","target":["https:\/\/montanomiranda.com\/asilo-en-ee-uu-que-pasa-si-viviste-en-un-tercer-pais\/"]}]},{"@type":"ImageObject","inLanguage":"en-US","@id":"https:\/\/montanomiranda.com\/asilo-en-ee-uu-que-pasa-si-viviste-en-un-tercer-pais\/#primaryimage","url":"https:\/\/montanomiranda.com\/wp-content\/uploads\/2026\/02\/ChatGPT-Image-9-feb-2026-12_28_00.png","contentUrl":"https:\/\/montanomiranda.com\/wp-content\/uploads\/2026\/02\/ChatGPT-Image-9-feb-2026-12_28_00.png","width":1536,"height":1024},{"@type":"BreadcrumbList","@id":"https:\/\/montanomiranda.com\/asilo-en-ee-uu-que-pasa-si-viviste-en-un-tercer-pais\/#breadcrumb","itemListElement":[{"@type":"ListItem","position":1,"name":"Home","item":"https:\/\/montanomiranda.com\/"},{"@type":"ListItem","position":2,"name":"Asilo en EE. UU.: \u00bfQu\u00e9 pasa si viviste en un tercer pa\u00eds?"}]},{"@type":"WebSite","@id":"https:\/\/montanomiranda.com\/es\/#website","url":"https:\/\/montanomiranda.com\/es\/","name":"Montano Miranda - Servicio de asosor\u00eda legal - Abogado de tr\u00e1mites migratorios EEUU","description":"Montano Miranda - Servicio de asesor\u00eda legal - Abogado de tr\u00e1mites migratorios Miami","publisher":{"@id":"https:\/\/montanomiranda.com\/es\/#organization"},"potentialAction":[{"@type":"SearchAction","target":{"@type":"EntryPoint","urlTemplate":"https:\/\/montanomiranda.com\/es\/?s={search_term_string}"},"query-input":{"@type":"PropertyValueSpecification","valueRequired":true,"valueName":"search_term_string"}}],"inLanguage":"en-US"},{"@type":"Organization","@id":"https:\/\/montanomiranda.com\/es\/#organization","name":"Montano Miranda - Servicios de asesor\u00eda legal","url":"https:\/\/montanomiranda.com\/es\/","logo":{"@type":"ImageObject","inLanguage":"en-US","@id":"https:\/\/montanomiranda.com\/es\/#\/schema\/logo\/image\/","url":"https:\/\/montanomiranda.com\/wp-content\/uploads\/2023\/07\/cropped-Untitled-design-12.png","contentUrl":"https:\/\/montanomiranda.com\/wp-content\/uploads\/2023\/07\/cropped-Untitled-design-12.png","width":512,"height":512,"caption":"Montano Miranda - Servicios de asesor\u00eda legal"},"image":{"@id":"https:\/\/montanomiranda.com\/es\/#\/schema\/logo\/image\/"}},{"@type":"Person","@id":"https:\/\/montanomiranda.com\/es\/#\/schema\/person\/78466cc62152e5f8d5d72adbf41a459b","name":"joseramon","image":{"@type":"ImageObject","inLanguage":"en-US","@id":"https:\/\/secure.gravatar.com\/avatar\/fe8f4562cb51f9157f5a68b120d7342b98c67520619593fd8ea26a46913fdea2?s=96&d=mm&r=g","url":"https:\/\/secure.gravatar.com\/avatar\/fe8f4562cb51f9157f5a68b120d7342b98c67520619593fd8ea26a46913fdea2?s=96&d=mm&r=g","contentUrl":"https:\/\/secure.gravatar.com\/avatar\/fe8f4562cb51f9157f5a68b120d7342b98c67520619593fd8ea26a46913fdea2?s=96&d=mm&r=g","caption":"joseramon"}}]}},"_links":{"self":[{"href":"https:\/\/montanomiranda.com\/en\/wp-json\/wp\/v2\/posts\/39115","targetHints":{"allow":["GET"]}}],"collection":[{"href":"https:\/\/montanomiranda.com\/en\/wp-json\/wp\/v2\/posts"}],"about":[{"href":"https:\/\/montanomiranda.com\/en\/wp-json\/wp\/v2\/types\/post"}],"author":[{"embeddable":true,"href":"https:\/\/montanomiranda.com\/en\/wp-json\/wp\/v2\/users\/9"}],"replies":[{"embeddable":true,"href":"https:\/\/montanomiranda.com\/en\/wp-json\/wp\/v2\/comments?post=39115"}],"version-history":[{"count":6,"href":"https:\/\/montanomiranda.com\/en\/wp-json\/wp\/v2\/posts\/39115\/revisions"}],"predecessor-version":[{"id":39125,"href":"https:\/\/montanomiranda.com\/en\/wp-json\/wp\/v2\/posts\/39115\/revisions\/39125"}],"wp:featuredmedia":[{"embeddable":true,"href":"https:\/\/montanomiranda.com\/en\/wp-json\/wp\/v2\/media\/39117"}],"wp:attachment":[{"href":"https:\/\/montanomiranda.com\/en\/wp-json\/wp\/v2\/media?parent=39115"}],"wp:term":[{"taxonomy":"category","embeddable":true,"href":"https:\/\/montanomiranda.com\/en\/wp-json\/wp\/v2\/categories?post=39115"},{"taxonomy":"post_tag","embeddable":true,"href":"https:\/\/montanomiranda.com\/en\/wp-json\/wp\/v2\/tags?post=39115"}],"curies":[{"name":"wp","href":"https:\/\/api.w.org\/{rel}","templated":true}]}}