{"id":39104,"date":"2026-02-04T01:41:36","date_gmt":"2026-02-04T01:41:36","guid":{"rendered":"https:\/\/montanomiranda.com\/?p=39104"},"modified":"2026-02-05T00:43:39","modified_gmt":"2026-02-05T00:43:39","slug":"estamos-viendo-detenciones-arbitrarias-por-parte-de-ice-javier-montano","status":"publish","type":"post","link":"https:\/\/montanomiranda.com\/en\/estamos-viendo-detenciones-arbitrarias-por-parte-de-ice-javier-montano\/","title":{"rendered":"\u201cEstamos viendo detenciones arbitrarias por parte de ICE\u201d: Javier Montano"},"content":{"rendered":"<div data-elementor-type=\"wp-post\" data-elementor-id=\"39104\" class=\"elementor elementor-39104\" data-elementor-post-type=\"post\">\n\t\t\t\t<div class=\"elementor-element elementor-element-d707faf e-flex e-con-boxed e-con e-parent\" data-id=\"d707faf\" data-element_type=\"container\" data-e-type=\"container\">\n\t\t\t\t\t<div class=\"e-con-inner\">\n\t\t\t\t<div class=\"elementor-element elementor-element-387fb13 elementor-widget elementor-widget-text-editor\" data-id=\"387fb13\" data-element_type=\"widget\" data-e-type=\"widget\" data-widget_type=\"text-editor.default\">\n\t\t\t\t<div class=\"elementor-widget-container\">\n\t\t\t\t\t\t\t\t\t<p style=\"font-weight: 400;\">En medio de la creciente preocupaci\u00f3n por las actuaciones de algunos funcionarios de ICE (Servicio de Inmigraci\u00f3n y Control de Aduanas de EE. UU.), el periodista Miguel \u00c1ngel Rodr\u00edguez convers\u00f3 con el abogado de inmigraci\u00f3n Javier Montano Miranda.<\/p><p style=\"font-weight: 400;\">En esta entrevista, se aborda el panorama actual de las detenciones, los derechos de los migrantes y las acciones que deben tomarse en caso de ser abordados por oficiales de ICE.<\/p><p style=\"font-weight: 400;\"><strong>Miguel \u00c1ngel Rodr\u00edguez:<\/strong>\u00a0<strong>Empecemos por lo m\u00e1s reciente: \u00bfc\u00f3mo calificas lo que hemos visto en los \u00faltimos d\u00edas con las actuaciones de algunos agentes de ICE?<\/strong><\/p><p style=\"font-weight: 400;\"><strong>Javier Montano Miranda:<\/strong>\u00a0Lamentablemente, lo calificar\u00eda como algo arbitrario, cruel y un atropello al debido proceso. Estamos viendo c\u00f3mo se interpretan las leyes migratorias de manera distorsionada, no basadas en la justicia ni el sentido com\u00fan, sino en una agenda que busca expulsar a un n\u00famero rid\u00edculo de personas cada d\u00eda.<\/p><p style=\"font-weight: 400;\"><strong>MAR<\/strong>:\u00a0<strong>\u00bfExisten patrones o factores comunes en estos casos de detenciones?<\/strong><\/p><p style=\"font-weight: 400;\"><strong>JMM:<\/strong>\u00a0Aunque no deber\u00eda ser as\u00ed, se est\u00e1 viendo que el color de piel, el idioma que se habla o simplemente estar en ciertos lugares \u2014como afuera de un Walmart o un Home Depot\u2014 pueden generar una \u201csospecha razonable\u201d para detener a un inmigrante. Eso va en contra de los principios constitucionales de Estados Unidos. Tristemente, un fallo reciente de la Corte Suprema abri\u00f3 la puerta para que la etnia sea considerada como un factor en las detenciones. Aunque luego se retractaron, el da\u00f1o ya estaba hecho.<\/p><p style=\"font-weight: 400;\"><strong>MAR:<\/strong>\u00a0Tambi\u00e9n se habla de un memor\u00e1ndum interno de ICE que permitir\u00eda irrumpir en casas sin una orden judicial. \u00bfEs eso cierto?<\/p><p style=\"font-weight: 400;\"><strong>JMM<\/strong>: As\u00ed es. Se filtr\u00f3 un memor\u00e1ndum que indica que ICE no necesita una orden judicial para entrar a una casa, solo una orden administrativa. Esto va en contra de lo que establece la propia normativa de ICE y la Constituci\u00f3n. Es una violaci\u00f3n directa al derecho a la privacidad. Peor a\u00fan, muchos oficiales no est\u00e1n debidamente entrenados en estos l\u00edmites legales.<\/p><p style=\"font-weight: 400;\"><strong>MAR: Si una persona es abordada por ICE: \u00bfqu\u00e9 debe hacer?<\/strong><\/p><p style=\"font-weight: 400;\"><strong>JMM:<\/strong>\u00a0Lo primero: mantener la calma. ICE puede interrogar, pero interrogar aqu\u00ed significa simplemente hacer una pregunta. T\u00fa puedes decidir si respondes o no. Si decides no hablar, lo recomendable es preguntar: \u201c\u00bfEstoy arrestado? \u00bfTengo libertad de irme?\u201d. Esa es una forma legal de verificar tus derechos en ese momento.<\/p><p style=\"font-weight: 400;\"><strong>MAR:<\/strong>\u00a0\u00bfY si la persona tiene estatus legal o est\u00e1 en un proceso, por ejemplo de asilo?<\/p><p style=\"font-weight: 400;\"><strong>JMM:<\/strong>\u00a0Si tienes visa, permiso de trabajo, est\u00e1s en tr\u00e1mite de residencia o tienes un caso de asilo pendiente, mi consejo es cooperar. Mostrar tus documentos puede evitar una detenci\u00f3n innecesaria. ICE muchas veces decide en el momento, y si no colaboras podr\u00edan llevarte \u201cmientras averiguan\u201d. Mostrar que est\u00e1s en un proceso legal puede ayudarte a que te dejen en libertad m\u00e1s r\u00e1pido.<\/p><p style=\"font-weight: 400;\"><strong>MAR: \u00bfICE puede verificar esos datos en el momento?<\/strong><\/p><p style=\"font-weight: 400;\"><strong>JMM:<\/strong>\u00a0S\u00ed. ICE cuenta ahora con tecnolog\u00eda de reconocimiento facial. Si alguna vez has dado tus datos biom\u00e9tricos, pueden acceder a tu informaci\u00f3n. Incluso sin que digas una palabra, pueden saber tu estatus. Por eso es fundamental llevar copias de tu permiso de trabajo, tu pasaporte y cualquier recibo de tr\u00e1mite migratorio en tu tel\u00e9fono.<\/p><p style=\"font-weight: 400;\"><strong>MAR: Supongamos que aun as\u00ed el inmigrante es detenido. \u00bfQu\u00e9 sucede despu\u00e9s?<\/strong><\/p><p style=\"font-weight: 400;\"><strong>JMM:<\/strong>\u00a0Te trasladan a un centro de detenci\u00f3n, y no necesariamente cercano. Puedes ser detenido en Florida y terminar al d\u00eda siguiente en New Jersey o Puerto Rico. No avisan por seguridad, lo cual es alarmante. Lo bueno es que ahora muchas audiencias pueden hacerse por videoconferencia.<\/p><p style=\"font-weight: 400;\"><strong>MAR:<\/strong>\u00a0\u00bfSe puede salir bajo fianza?<\/p><p style=\"font-weight: 400;\"><strong>JMM:<\/strong>\u00a0Si entraste legalmente, tienes m\u00e1s posibilidades de obtener una fianza. Los jueces eval\u00faan si eres un \u201cpeligro\u201d para la comunidad. La fianza promedio ronda los 5 mil d\u00f3lares, pero puede subir hasta 20 mil. Si entraste ilegalmente, la situaci\u00f3n es mucho m\u00e1s dif\u00edcil. Aunque haya precedentes legales que lo permitan, se ha instruido a muchos jueces a no otorgar fianza en estos casos.\u00a0Es otro atropello al debido proceso.<\/p><p style=\"font-weight: 400;\"><strong>MAR: \u00bfICE est\u00e1 obligado a permitir que el detenido se comunique con su abogado?<\/strong><\/p><p style=\"font-weight: 400;\"><strong>JMM:<\/strong>\u00a0Absolutamente. Es un derecho constitucional. Toda persona tiene derecho a un abogado, sin importar su estatus migratorio. Si eres detenido, lo primero que debes pedir es hablar con tu abogado o con un familiar para que te consiga uno.<\/p><p style=\"font-weight: 400;\"><strong>MAR: \u00bfCu\u00e1l ser\u00eda tu consejo para quienes temen ser abordados por ICE?<\/strong><\/p><p style=\"font-weight: 400;\"><strong>JMM<\/strong>: Primero, que se informen y se preparen. Que tengan sus documentos a la mano, que conozcan sus derechos y que mantengan la calma. No se trata de tener miedo, sino de estar listos. Y sobre todo, que no normalicen los abusos. El debido proceso es un derecho de todos, sin importar su situaci\u00f3n migratoria.<\/p>\t\t\t\t\t\t\t\t<\/div>\n\t\t\t\t<\/div>\n\t\t\t\t\t<\/div>\n\t\t\t\t<\/div>\n\t\t\t\t<\/div>","protected":false},"excerpt":{"rendered":"<p>En medio de la creciente preocupaci\u00f3n por las actuaciones de algunos funcionarios de ICE (Servicio de Inmigraci\u00f3n y Control de Aduanas de EE. UU.), el periodista Miguel \u00c1ngel Rodr\u00edguez convers\u00f3 [&hellip;]<\/p>\n","protected":false},"author":9,"featured_media":39106,"comment_status":"closed","ping_status":"open","sticky":false,"template":"","format":"standard","meta":{"footnotes":""},"categories":[1],"tags":[],"class_list":["post-39104","post","type-post","status-publish","format-standard","has-post-thumbnail","hentry","category-lawyers"],"yoast_head":"<!-- This site is optimized with the Yoast SEO plugin v27.5 - https:\/\/yoast.com\/product\/yoast-seo-wordpress\/ -->\n<title>\u201cEstamos viendo detenciones arbitrarias por parte de ICE\u201d: Javier Montano<\/title>\n<meta name=\"robots\" content=\"index, follow, max-snippet:-1, max-image-preview:large, max-video-preview:-1\" \/>\n<link rel=\"canonical\" href=\"https:\/\/montanomiranda.com\/en\/estamos-viendo-detenciones-arbitrarias-por-parte-de-ice-javier-montano\/\" \/>\n<meta property=\"og:locale\" content=\"en_US\" \/>\n<meta property=\"og:type\" content=\"article\" \/>\n<meta property=\"og:title\" content=\"\u201cEstamos viendo detenciones arbitrarias por parte de ICE\u201d: Javier Montano\" \/>\n<meta property=\"og:description\" content=\"En medio de la creciente preocupaci\u00f3n por las actuaciones de algunos funcionarios de ICE (Servicio de Inmigraci\u00f3n y Control de Aduanas de EE. UU.), el periodista Miguel \u00c1ngel Rodr\u00edguez convers\u00f3 [&hellip;]\" \/>\n<meta property=\"og:url\" content=\"https:\/\/montanomiranda.com\/en\/estamos-viendo-detenciones-arbitrarias-por-parte-de-ice-javier-montano\/\" \/>\n<meta property=\"og:site_name\" content=\"Montano Miranda - Abogado de inmigrac\u00edon en Miami\" \/>\n<meta property=\"article:published_time\" content=\"2026-02-04T01:41:36+00:00\" \/>\n<meta property=\"article:modified_time\" content=\"2026-02-05T00:43:39+00:00\" \/>\n<meta property=\"og:image\" content=\"https:\/\/montanomiranda.com\/wp-content\/uploads\/2026\/02\/ChatGPT-Image-3-feb-2026-21_38_22.png\" \/>\n\t<meta property=\"og:image:width\" content=\"1536\" \/>\n\t<meta property=\"og:image:height\" content=\"1024\" \/>\n\t<meta property=\"og:image:type\" content=\"image\/png\" \/>\n<meta name=\"author\" content=\"joseramon\" \/>\n<meta name=\"twitter:card\" content=\"summary_large_image\" \/>\n<meta name=\"twitter:label1\" content=\"Written by\" \/>\n\t<meta name=\"twitter:data1\" content=\"joseramon\" \/>\n\t<meta name=\"twitter:label2\" content=\"Est. reading time\" \/>\n\t<meta name=\"twitter:data2\" content=\"4 minutes\" \/>\n<script type=\"application\/ld+json\" class=\"yoast-schema-graph\">{\"@context\":\"https:\\\/\\\/schema.org\",\"@graph\":[{\"@type\":\"Article\",\"@id\":\"https:\\\/\\\/montanomiranda.com\\\/estamos-viendo-detenciones-arbitrarias-por-parte-de-ice-javier-montano\\\/#article\",\"isPartOf\":{\"@id\":\"https:\\\/\\\/montanomiranda.com\\\/estamos-viendo-detenciones-arbitrarias-por-parte-de-ice-javier-montano\\\/\"},\"author\":{\"name\":\"joseramon\",\"@id\":\"https:\\\/\\\/montanomiranda.com\\\/es\\\/#\\\/schema\\\/person\\\/78466cc62152e5f8d5d72adbf41a459b\"},\"headline\":\"\u201cEstamos viendo detenciones arbitrarias por parte de ICE\u201d: Javier Montano\",\"datePublished\":\"2026-02-04T01:41:36+00:00\",\"dateModified\":\"2026-02-05T00:43:39+00:00\",\"mainEntityOfPage\":{\"@id\":\"https:\\\/\\\/montanomiranda.com\\\/estamos-viendo-detenciones-arbitrarias-por-parte-de-ice-javier-montano\\\/\"},\"wordCount\":844,\"publisher\":{\"@id\":\"https:\\\/\\\/montanomiranda.com\\\/es\\\/#organization\"},\"image\":{\"@id\":\"https:\\\/\\\/montanomiranda.com\\\/estamos-viendo-detenciones-arbitrarias-por-parte-de-ice-javier-montano\\\/#primaryimage\"},\"thumbnailUrl\":\"https:\\\/\\\/montanomiranda.com\\\/wp-content\\\/uploads\\\/2026\\\/02\\\/ChatGPT-Image-3-feb-2026-21_38_22.png\",\"articleSection\":[\"Lawyers\"],\"inLanguage\":\"en-US\"},{\"@type\":\"WebPage\",\"@id\":\"https:\\\/\\\/montanomiranda.com\\\/estamos-viendo-detenciones-arbitrarias-por-parte-de-ice-javier-montano\\\/\",\"url\":\"https:\\\/\\\/montanomiranda.com\\\/estamos-viendo-detenciones-arbitrarias-por-parte-de-ice-javier-montano\\\/\",\"name\":\"\u201cEstamos viendo detenciones arbitrarias por parte de ICE\u201d: Javier Montano\",\"isPartOf\":{\"@id\":\"https:\\\/\\\/montanomiranda.com\\\/es\\\/#website\"},\"primaryImageOfPage\":{\"@id\":\"https:\\\/\\\/montanomiranda.com\\\/estamos-viendo-detenciones-arbitrarias-por-parte-de-ice-javier-montano\\\/#primaryimage\"},\"image\":{\"@id\":\"https:\\\/\\\/montanomiranda.com\\\/estamos-viendo-detenciones-arbitrarias-por-parte-de-ice-javier-montano\\\/#primaryimage\"},\"thumbnailUrl\":\"https:\\\/\\\/montanomiranda.com\\\/wp-content\\\/uploads\\\/2026\\\/02\\\/ChatGPT-Image-3-feb-2026-21_38_22.png\",\"datePublished\":\"2026-02-04T01:41:36+00:00\",\"dateModified\":\"2026-02-05T00:43:39+00:00\",\"breadcrumb\":{\"@id\":\"https:\\\/\\\/montanomiranda.com\\\/estamos-viendo-detenciones-arbitrarias-por-parte-de-ice-javier-montano\\\/#breadcrumb\"},\"inLanguage\":\"en-US\",\"potentialAction\":[{\"@type\":\"ReadAction\",\"target\":[\"https:\\\/\\\/montanomiranda.com\\\/estamos-viendo-detenciones-arbitrarias-por-parte-de-ice-javier-montano\\\/\"]}]},{\"@type\":\"ImageObject\",\"inLanguage\":\"en-US\",\"@id\":\"https:\\\/\\\/montanomiranda.com\\\/estamos-viendo-detenciones-arbitrarias-por-parte-de-ice-javier-montano\\\/#primaryimage\",\"url\":\"https:\\\/\\\/montanomiranda.com\\\/wp-content\\\/uploads\\\/2026\\\/02\\\/ChatGPT-Image-3-feb-2026-21_38_22.png\",\"contentUrl\":\"https:\\\/\\\/montanomiranda.com\\\/wp-content\\\/uploads\\\/2026\\\/02\\\/ChatGPT-Image-3-feb-2026-21_38_22.png\",\"width\":1536,\"height\":1024},{\"@type\":\"BreadcrumbList\",\"@id\":\"https:\\\/\\\/montanomiranda.com\\\/estamos-viendo-detenciones-arbitrarias-por-parte-de-ice-javier-montano\\\/#breadcrumb\",\"itemListElement\":[{\"@type\":\"ListItem\",\"position\":1,\"name\":\"Home\",\"item\":\"https:\\\/\\\/montanomiranda.com\\\/\"},{\"@type\":\"ListItem\",\"position\":2,\"name\":\"\u201cEstamos viendo detenciones arbitrarias por parte de ICE\u201d: Javier Montano\"}]},{\"@type\":\"WebSite\",\"@id\":\"https:\\\/\\\/montanomiranda.com\\\/es\\\/#website\",\"url\":\"https:\\\/\\\/montanomiranda.com\\\/es\\\/\",\"name\":\"Montano Miranda - Servicio de asosor\u00eda legal - Abogado de tr\u00e1mites migratorios EEUU\",\"description\":\"Montano Miranda - Servicio de asesor\u00eda legal - Abogado de tr\u00e1mites migratorios Miami\",\"publisher\":{\"@id\":\"https:\\\/\\\/montanomiranda.com\\\/es\\\/#organization\"},\"potentialAction\":[{\"@type\":\"SearchAction\",\"target\":{\"@type\":\"EntryPoint\",\"urlTemplate\":\"https:\\\/\\\/montanomiranda.com\\\/es\\\/?s={search_term_string}\"},\"query-input\":{\"@type\":\"PropertyValueSpecification\",\"valueRequired\":true,\"valueName\":\"search_term_string\"}}],\"inLanguage\":\"en-US\"},{\"@type\":\"Organization\",\"@id\":\"https:\\\/\\\/montanomiranda.com\\\/es\\\/#organization\",\"name\":\"Montano Miranda - Servicios de asesor\u00eda legal\",\"url\":\"https:\\\/\\\/montanomiranda.com\\\/es\\\/\",\"logo\":{\"@type\":\"ImageObject\",\"inLanguage\":\"en-US\",\"@id\":\"https:\\\/\\\/montanomiranda.com\\\/es\\\/#\\\/schema\\\/logo\\\/image\\\/\",\"url\":\"https:\\\/\\\/montanomiranda.com\\\/wp-content\\\/uploads\\\/2023\\\/07\\\/cropped-Untitled-design-12.png\",\"contentUrl\":\"https:\\\/\\\/montanomiranda.com\\\/wp-content\\\/uploads\\\/2023\\\/07\\\/cropped-Untitled-design-12.png\",\"width\":512,\"height\":512,\"caption\":\"Montano Miranda - Servicios de asesor\u00eda legal\"},\"image\":{\"@id\":\"https:\\\/\\\/montanomiranda.com\\\/es\\\/#\\\/schema\\\/logo\\\/image\\\/\"}},{\"@type\":\"Person\",\"@id\":\"https:\\\/\\\/montanomiranda.com\\\/es\\\/#\\\/schema\\\/person\\\/78466cc62152e5f8d5d72adbf41a459b\",\"name\":\"joseramon\",\"image\":{\"@type\":\"ImageObject\",\"inLanguage\":\"en-US\",\"@id\":\"https:\\\/\\\/secure.gravatar.com\\\/avatar\\\/fe8f4562cb51f9157f5a68b120d7342b98c67520619593fd8ea26a46913fdea2?s=96&d=mm&r=g\",\"url\":\"https:\\\/\\\/secure.gravatar.com\\\/avatar\\\/fe8f4562cb51f9157f5a68b120d7342b98c67520619593fd8ea26a46913fdea2?s=96&d=mm&r=g\",\"contentUrl\":\"https:\\\/\\\/secure.gravatar.com\\\/avatar\\\/fe8f4562cb51f9157f5a68b120d7342b98c67520619593fd8ea26a46913fdea2?s=96&d=mm&r=g\",\"caption\":\"joseramon\"}}]}<\/script>\n<!-- \/ Yoast SEO plugin. -->","yoast_head_json":{"title":"\u201cEstamos viendo detenciones arbitrarias por parte de ICE\u201d: Javier Montano","robots":{"index":"index","follow":"follow","max-snippet":"max-snippet:-1","max-image-preview":"max-image-preview:large","max-video-preview":"max-video-preview:-1"},"canonical":"https:\/\/montanomiranda.com\/en\/estamos-viendo-detenciones-arbitrarias-por-parte-de-ice-javier-montano\/","og_locale":"en_US","og_type":"article","og_title":"\u201cEstamos viendo detenciones arbitrarias por parte de ICE\u201d: Javier Montano","og_description":"En medio de la creciente preocupaci\u00f3n por las actuaciones de algunos funcionarios de ICE (Servicio de Inmigraci\u00f3n y Control de Aduanas de EE. UU.), el periodista Miguel \u00c1ngel Rodr\u00edguez convers\u00f3 [&hellip;]","og_url":"https:\/\/montanomiranda.com\/en\/estamos-viendo-detenciones-arbitrarias-por-parte-de-ice-javier-montano\/","og_site_name":"Montano Miranda - Abogado de inmigrac\u00edon en Miami","article_published_time":"2026-02-04T01:41:36+00:00","article_modified_time":"2026-02-05T00:43:39+00:00","og_image":[{"width":1536,"height":1024,"url":"https:\/\/montanomiranda.com\/wp-content\/uploads\/2026\/02\/ChatGPT-Image-3-feb-2026-21_38_22.png","type":"image\/png"}],"author":"joseramon","twitter_card":"summary_large_image","twitter_misc":{"Written by":"joseramon","Est. reading time":"4 minutes"},"schema":{"@context":"https:\/\/schema.org","@graph":[{"@type":"Article","@id":"https:\/\/montanomiranda.com\/estamos-viendo-detenciones-arbitrarias-por-parte-de-ice-javier-montano\/#article","isPartOf":{"@id":"https:\/\/montanomiranda.com\/estamos-viendo-detenciones-arbitrarias-por-parte-de-ice-javier-montano\/"},"author":{"name":"joseramon","@id":"https:\/\/montanomiranda.com\/es\/#\/schema\/person\/78466cc62152e5f8d5d72adbf41a459b"},"headline":"\u201cEstamos viendo detenciones arbitrarias por parte de ICE\u201d: Javier Montano","datePublished":"2026-02-04T01:41:36+00:00","dateModified":"2026-02-05T00:43:39+00:00","mainEntityOfPage":{"@id":"https:\/\/montanomiranda.com\/estamos-viendo-detenciones-arbitrarias-por-parte-de-ice-javier-montano\/"},"wordCount":844,"publisher":{"@id":"https:\/\/montanomiranda.com\/es\/#organization"},"image":{"@id":"https:\/\/montanomiranda.com\/estamos-viendo-detenciones-arbitrarias-por-parte-de-ice-javier-montano\/#primaryimage"},"thumbnailUrl":"https:\/\/montanomiranda.com\/wp-content\/uploads\/2026\/02\/ChatGPT-Image-3-feb-2026-21_38_22.png","articleSection":["Lawyers"],"inLanguage":"en-US"},{"@type":"WebPage","@id":"https:\/\/montanomiranda.com\/estamos-viendo-detenciones-arbitrarias-por-parte-de-ice-javier-montano\/","url":"https:\/\/montanomiranda.com\/estamos-viendo-detenciones-arbitrarias-por-parte-de-ice-javier-montano\/","name":"\u201cEstamos viendo detenciones arbitrarias por parte de ICE\u201d: Javier Montano","isPartOf":{"@id":"https:\/\/montanomiranda.com\/es\/#website"},"primaryImageOfPage":{"@id":"https:\/\/montanomiranda.com\/estamos-viendo-detenciones-arbitrarias-por-parte-de-ice-javier-montano\/#primaryimage"},"image":{"@id":"https:\/\/montanomiranda.com\/estamos-viendo-detenciones-arbitrarias-por-parte-de-ice-javier-montano\/#primaryimage"},"thumbnailUrl":"https:\/\/montanomiranda.com\/wp-content\/uploads\/2026\/02\/ChatGPT-Image-3-feb-2026-21_38_22.png","datePublished":"2026-02-04T01:41:36+00:00","dateModified":"2026-02-05T00:43:39+00:00","breadcrumb":{"@id":"https:\/\/montanomiranda.com\/estamos-viendo-detenciones-arbitrarias-por-parte-de-ice-javier-montano\/#breadcrumb"},"inLanguage":"en-US","potentialAction":[{"@type":"ReadAction","target":["https:\/\/montanomiranda.com\/estamos-viendo-detenciones-arbitrarias-por-parte-de-ice-javier-montano\/"]}]},{"@type":"ImageObject","inLanguage":"en-US","@id":"https:\/\/montanomiranda.com\/estamos-viendo-detenciones-arbitrarias-por-parte-de-ice-javier-montano\/#primaryimage","url":"https:\/\/montanomiranda.com\/wp-content\/uploads\/2026\/02\/ChatGPT-Image-3-feb-2026-21_38_22.png","contentUrl":"https:\/\/montanomiranda.com\/wp-content\/uploads\/2026\/02\/ChatGPT-Image-3-feb-2026-21_38_22.png","width":1536,"height":1024},{"@type":"BreadcrumbList","@id":"https:\/\/montanomiranda.com\/estamos-viendo-detenciones-arbitrarias-por-parte-de-ice-javier-montano\/#breadcrumb","itemListElement":[{"@type":"ListItem","position":1,"name":"Home","item":"https:\/\/montanomiranda.com\/"},{"@type":"ListItem","position":2,"name":"\u201cEstamos viendo detenciones arbitrarias por parte de ICE\u201d: Javier Montano"}]},{"@type":"WebSite","@id":"https:\/\/montanomiranda.com\/es\/#website","url":"https:\/\/montanomiranda.com\/es\/","name":"Montano Miranda - Servicio de asosor\u00eda legal - Abogado de tr\u00e1mites migratorios EEUU","description":"Montano Miranda - Servicio de asesor\u00eda legal - Abogado de tr\u00e1mites migratorios Miami","publisher":{"@id":"https:\/\/montanomiranda.com\/es\/#organization"},"potentialAction":[{"@type":"SearchAction","target":{"@type":"EntryPoint","urlTemplate":"https:\/\/montanomiranda.com\/es\/?s={search_term_string}"},"query-input":{"@type":"PropertyValueSpecification","valueRequired":true,"valueName":"search_term_string"}}],"inLanguage":"en-US"},{"@type":"Organization","@id":"https:\/\/montanomiranda.com\/es\/#organization","name":"Montano Miranda - Servicios de asesor\u00eda legal","url":"https:\/\/montanomiranda.com\/es\/","logo":{"@type":"ImageObject","inLanguage":"en-US","@id":"https:\/\/montanomiranda.com\/es\/#\/schema\/logo\/image\/","url":"https:\/\/montanomiranda.com\/wp-content\/uploads\/2023\/07\/cropped-Untitled-design-12.png","contentUrl":"https:\/\/montanomiranda.com\/wp-content\/uploads\/2023\/07\/cropped-Untitled-design-12.png","width":512,"height":512,"caption":"Montano Miranda - Servicios de asesor\u00eda legal"},"image":{"@id":"https:\/\/montanomiranda.com\/es\/#\/schema\/logo\/image\/"}},{"@type":"Person","@id":"https:\/\/montanomiranda.com\/es\/#\/schema\/person\/78466cc62152e5f8d5d72adbf41a459b","name":"joseramon","image":{"@type":"ImageObject","inLanguage":"en-US","@id":"https:\/\/secure.gravatar.com\/avatar\/fe8f4562cb51f9157f5a68b120d7342b98c67520619593fd8ea26a46913fdea2?s=96&d=mm&r=g","url":"https:\/\/secure.gravatar.com\/avatar\/fe8f4562cb51f9157f5a68b120d7342b98c67520619593fd8ea26a46913fdea2?s=96&d=mm&r=g","contentUrl":"https:\/\/secure.gravatar.com\/avatar\/fe8f4562cb51f9157f5a68b120d7342b98c67520619593fd8ea26a46913fdea2?s=96&d=mm&r=g","caption":"joseramon"}}]}},"_links":{"self":[{"href":"https:\/\/montanomiranda.com\/en\/wp-json\/wp\/v2\/posts\/39104","targetHints":{"allow":["GET"]}}],"collection":[{"href":"https:\/\/montanomiranda.com\/en\/wp-json\/wp\/v2\/posts"}],"about":[{"href":"https:\/\/montanomiranda.com\/en\/wp-json\/wp\/v2\/types\/post"}],"author":[{"embeddable":true,"href":"https:\/\/montanomiranda.com\/en\/wp-json\/wp\/v2\/users\/9"}],"replies":[{"embeddable":true,"href":"https:\/\/montanomiranda.com\/en\/wp-json\/wp\/v2\/comments?post=39104"}],"version-history":[{"count":7,"href":"https:\/\/montanomiranda.com\/en\/wp-json\/wp\/v2\/posts\/39104\/revisions"}],"predecessor-version":[{"id":39114,"href":"https:\/\/montanomiranda.com\/en\/wp-json\/wp\/v2\/posts\/39104\/revisions\/39114"}],"wp:featuredmedia":[{"embeddable":true,"href":"https:\/\/montanomiranda.com\/en\/wp-json\/wp\/v2\/media\/39106"}],"wp:attachment":[{"href":"https:\/\/montanomiranda.com\/en\/wp-json\/wp\/v2\/media?parent=39104"}],"wp:term":[{"taxonomy":"category","embeddable":true,"href":"https:\/\/montanomiranda.com\/en\/wp-json\/wp\/v2\/categories?post=39104"},{"taxonomy":"post_tag","embeddable":true,"href":"https:\/\/montanomiranda.com\/en\/wp-json\/wp\/v2\/tags?post=39104"}],"curies":[{"name":"wp","href":"https:\/\/api.w.org\/{rel}","templated":true}]}}