{"id":39084,"date":"2026-01-24T13:26:11","date_gmt":"2026-01-24T13:26:11","guid":{"rendered":"https:\/\/montanomiranda.com\/?p=39084"},"modified":"2026-01-27T14:08:33","modified_gmt":"2026-01-27T14:08:33","slug":"actualizacion-del-asilo-debido-proceso-y-nuevas-alertas-para-inmigrantes-en-ee-uu","status":"publish","type":"post","link":"https:\/\/montanomiranda.com\/en\/actualizacion-del-asilo-debido-proceso-y-nuevas-alertas-para-inmigrantes-en-ee-uu\/","title":{"rendered":"Actualizaci\u00f3n del asilo, debido proceso y nuevas alertas para inmigrantes en EE. UU."},"content":{"rendered":"<div data-elementor-type=\"wp-post\" data-elementor-id=\"39084\" class=\"elementor elementor-39084\" data-elementor-post-type=\"post\">\n\t\t\t\t<div class=\"elementor-element elementor-element-353dc046 e-flex e-con-boxed e-con e-parent\" data-id=\"353dc046\" data-element_type=\"container\" data-e-type=\"container\">\n\t\t\t\t\t<div class=\"e-con-inner\">\n\t\t\t\t<div class=\"elementor-element elementor-element-66706501 elementor-widget elementor-widget-text-editor\" data-id=\"66706501\" data-element_type=\"widget\" data-e-type=\"widget\" data-widget_type=\"text-editor.default\">\n\t\t\t\t<div class=\"elementor-widget-container\">\n\t\t\t\t\t\t\t\t\t\n<p><\/p>\n\n\n\n<p><\/p>\n\t\t\t\t\t\t\t\t<\/div>\n\t\t\t\t<\/div>\n\t\t\t\t\t<\/div>\n\t\t\t\t<\/div>\n\t\t<div class=\"elementor-element elementor-element-2a1e8fb e-flex e-con-boxed e-con e-parent\" data-id=\"2a1e8fb\" data-element_type=\"container\" data-e-type=\"container\">\n\t\t\t\t\t<div class=\"e-con-inner\">\n\t\t\t\t<div class=\"elementor-element elementor-element-d22c3bf elementor-widget elementor-widget-text-editor\" data-id=\"d22c3bf\" data-element_type=\"widget\" data-e-type=\"widget\" data-widget_type=\"text-editor.default\">\n\t\t\t\t<div class=\"elementor-widget-container\">\n\t\t\t\t\t\t\t\t\t<div class=\"nH\">\n<div class=\"aHU hx\">\n<div role=\"list\">\n<div class=\"h7 ie\" tabindex=\"-1\" role=\"listitem\" aria-expanded=\"true\">\n<div class=\"Bk\">\n<div class=\"G3 G2\">\n<div id=\"avWBGd-225\">\n<div id=\"avWBGd-226\">\n<div class=\"adn ads\" data-message-id=\"#msg-f:1855235059617878813\" data-legacy-message-id=\"19bf1e750f5fd31d\">\n<div class=\"gs\">\n<div class=\"\">\n<div id=\":rx\" class=\"ii gt\">\n<div id=\":ry\" class=\"a3s aiL\">\n<div id=\"avWBGd-242\">\n<div dir=\"ltr\">\n<p>En un reciente\u00a0<strong>Live transmitido con el periodista Miguel \u00c1ngel Rodr\u00edguez<\/strong>, el abogado de inmigraci\u00f3n\u00a0<strong>Javier Montano Miranda<\/strong>, director de Montano Miranda Law, analiz\u00f3 las preocupaciones crecientes sobre el debido proceso en Estados Unidos y su impacto directo en solicitantes de asilo, especialmente venezolanos.<\/p>\n<p>Durante la conversaci\u00f3n se abordaron cambios administrativos, despidos de jueces de inmigraci\u00f3n, aceleraci\u00f3n de los tiempos en corte y la importancia de mantener los casos de asilo debidamente actualizados en un contexto pol\u00edtico y migratorio cada vez m\u00e1s complejo.<\/p>\n<p>A continuaci\u00f3n, compartimos los puntos m\u00e1s relevantes de esta entrevista.<\/p>\n<h5>\u00bfPor qu\u00e9 es tan importante actualizar un caso de asilo antes de la entrevista?<\/h5>\n<p><strong>Javier Montano Miranda:<\/strong><br \/>Actualizar un caso de asilo no es una recomendaci\u00f3n, es una necesidad. La actualizaci\u00f3n debe hacerse antes de la entrevista, nunca el mismo d\u00eda. Si una persona presenta informaci\u00f3n nueva durante la cita, lo m\u00e1s probable es que el oficial reprograme el caso, lo que puede significar perder una entrevista esperada durante a\u00f1os.<\/p>\n<p>Actualizar implica incorporar cambios en la situaci\u00f3n del pa\u00eds \u2014como nuevos decretos o contextos pol\u00edticos\u2014 y tambi\u00e9n cambios personales: matrimonio, hijos, actividad pol\u00edtica, redes sociales o direcci\u00f3n.<\/p>\n<h5>\u00bfQu\u00e9 est\u00e1 ocurriendo actualmente con el debido proceso en las cortes de inmigraci\u00f3n?<\/h5>\n<p><strong>Javier Montano Miranda:<\/strong><br \/>Estamos viendo una erosi\u00f3n preocupante del debido proceso. El debido proceso es una protecci\u00f3n constitucional b\u00e1sica que garantiza que una persona pueda saber de qu\u00e9 se le acusa y tenga una oportunidad real de defenderse. Lamentablemente, esta administraci\u00f3n ha tomado acciones que limitan esa oportunidad, especialmente dentro de las cortes de inmigraci\u00f3n.<\/p>\n<h5>\u00bfQu\u00e9 impacto tiene el despido de jueces de inmigraci\u00f3n?<\/h5>\n<p><strong>Javier Montano Miranda:<\/strong><br \/>En 2025 se despidieron m\u00e1s de 100 jueces de inmigraci\u00f3n con d\u00e9cadas de experiencia. Esto es grave porque genera presi\u00f3n sobre los jueces restantes, quienes ahora parecen obligados a priorizar directrices administrativas por encima de criterios jur\u00eddicos. La justicia no puede sustituirse por velocidad ni por ideolog\u00eda.<\/p>\n<h5>\u00bfC\u00f3mo afectan los nuevos plazos impuestos a los jueces?<\/h5>\n<p><strong>Javier Montano Miranda:<\/strong><br \/>Ahora se espera que los jueces resuelvan casos en 180 d\u00edas y que las apelaciones se decidan en 90 d\u00edas. El problema es que muchos casos de asilo requieren tiempo para reunir pruebas, testigos o recursos econ\u00f3micos para contratar representaci\u00f3n legal. Acelerar estos procesos inevitablemente afecta la equidad y aumenta el riesgo de deportaciones injustas.<\/p>\n<h5>\u00bfQu\u00e9 est\u00e1 pasando con las apelaciones migratorias?<\/h5>\n<p><strong>Javier Montano Miranda:<\/strong><br \/>La Junta de Apelaciones de Inmigraci\u00f3n (BIA) fue reducida de 28 a 15 miembros. Esto significa menos jueces para una cantidad enorme de casos pendientes. El resultado ser\u00e1 m\u00e1s retrasos y menos oportunidades reales para que los inmigrantes puedan apelar decisiones err\u00f3neas.<\/p>\n<h5>\u00bfEsto afecta solo a personas sin estatus legal?<\/h5>\n<p><strong>Javier Montano Miranda:<\/strong><br \/>No. El debido proceso aplica a todas las personas dentro de Estados Unidos, ciudadanos y no ciudadanos. La Cuarta, Quinta y Decimocuarta Enmienda protegen a todos. Cuando se vulneran estos principios con inmigrantes, se abre la puerta para que tambi\u00e9n se vulneren con ciudadanos.<\/p>\n<h5>\u00bfQu\u00e9 recomendaciones le da a la comunidad inmigrante?<\/h5>\n<p><strong>Javier Montano Miranda:<\/strong><br \/>Primero, mantenerse informados. Segundo, actualizar sus casos de asilo de manera oportuna. Y tercero, buscar asesor\u00eda legal antes de que surjan problemas. En el contexto actual, la preparaci\u00f3n legal y la informaci\u00f3n confiable son herramientas esenciales de protecci\u00f3n.<\/p>\n<\/div>\n<div class=\"yj6qo\">\u00a0<\/div>\n<div class=\"adL\">\u00a0<\/div>\n<\/div>\n<\/div>\n<\/div>\n<div id=\"avWBGd-243\" class=\"WhmR8e\" data-hash=\"0\">\u00a0<\/div>\n<\/div>\n<\/div>\n<div class=\"ajx\">\u00a0<\/div>\n<\/div>\n<div class=\"gA gt acV\">\n<div class=\"gB xu\">\n<div class=\"mVCoBd\">\u00a0<\/div>\n<div class=\"ip iq\">\n<div class=\"pLw6bb\">\u00a0<\/div>\n<div id=\"avWBGd-244\" class=\"bJvOmf\">\u00a0<\/div>\n<\/div>\n<\/div>\n<\/div>\n<\/div>\n<\/div>\n<\/div>\n<\/div>\n<\/div>\n<\/div>\n<div>\u00a0<\/div>\n<\/div>\n<\/div>\n<div class=\"nH btDi4d\">\n<div>\n<div>\n<div class=\"amr\">\n<div class=\"nr wR\">\n<div class=\"amn\">\n<div class=\"wrsVRe\" data-position=\"dynamic\">\u00a0<\/div>\n<\/div>\n<\/div>\n<\/div>\n<\/div>\n<\/div>\n<\/div>\n<div class=\"nH\">\u00a0<\/div>\t\t\t\t\t\t\t\t<\/div>\n\t\t\t\t<\/div>\n\t\t\t\t\t<\/div>\n\t\t\t\t<\/div>\n\t\t<div class=\"elementor-element elementor-element-0a18ed4 e-flex e-con-boxed e-con e-parent\" data-id=\"0a18ed4\" data-element_type=\"container\" data-e-type=\"container\">\n\t\t\t\t\t<div class=\"e-con-inner\">\n\t\t\t\t<div class=\"elementor-element elementor-element-b2a90f6 elementor-widget elementor-widget-video\" data-id=\"b2a90f6\" data-element_type=\"widget\" data-e-type=\"widget\" data-settings=\"{&quot;youtube_url&quot;:&quot;https:\\\/\\\/www.youtube.com\\\/watch?v=Wrt6Eo8EEEs&quot;,&quot;video_type&quot;:&quot;youtube&quot;,&quot;controls&quot;:&quot;yes&quot;}\" data-widget_type=\"video.default\">\n\t\t\t\t<div class=\"elementor-widget-container\">\n\t\t\t\t\t\t\t<div class=\"elementor-wrapper elementor-open-inline\">\n\t\t\t<div class=\"elementor-video\"><\/div>\t\t<\/div>\n\t\t\t\t\t\t<\/div>\n\t\t\t\t<\/div>\n\t\t\t\t\t<\/div>\n\t\t\t\t<\/div>\n\t\t\t\t<\/div>","protected":false},"excerpt":{"rendered":"<p>En un reciente\u00a0Live transmitido con el periodista Miguel \u00c1ngel Rodr\u00edguez, el abogado de inmigraci\u00f3n\u00a0Javier Montano Miranda, director de Montano Miranda Law, analiz\u00f3 las preocupaciones crecientes sobre el debido proceso en [&hellip;]<\/p>\n","protected":false},"author":9,"featured_media":39086,"comment_status":"closed","ping_status":"open","sticky":false,"template":"","format":"standard","meta":{"footnotes":""},"categories":[1],"tags":[],"class_list":["post-39084","post","type-post","status-publish","format-standard","has-post-thumbnail","hentry","category-lawyers"],"yoast_head":"<!-- This site is optimized with the Yoast SEO plugin v27.5 - https:\/\/yoast.com\/product\/yoast-seo-wordpress\/ -->\n<title>Actualizaci\u00f3n del asilo, debido proceso y nuevas alertas para inmigrantes en EE. UU.<\/title>\n<meta name=\"robots\" content=\"index, follow, max-snippet:-1, max-image-preview:large, max-video-preview:-1\" \/>\n<link rel=\"canonical\" href=\"https:\/\/montanomiranda.com\/en\/actualizacion-del-asilo-debido-proceso-y-nuevas-alertas-para-inmigrantes-en-ee-uu\/\" \/>\n<meta property=\"og:locale\" content=\"en_US\" \/>\n<meta property=\"og:type\" content=\"article\" \/>\n<meta property=\"og:title\" content=\"Actualizaci\u00f3n del asilo, debido proceso y nuevas alertas para inmigrantes en EE. UU.\" \/>\n<meta property=\"og:description\" content=\"En un reciente\u00a0Live transmitido con el periodista Miguel \u00c1ngel Rodr\u00edguez, el abogado de inmigraci\u00f3n\u00a0Javier Montano Miranda, director de Montano Miranda Law, analiz\u00f3 las preocupaciones crecientes sobre el debido proceso en [&hellip;]\" \/>\n<meta property=\"og:url\" content=\"https:\/\/montanomiranda.com\/en\/actualizacion-del-asilo-debido-proceso-y-nuevas-alertas-para-inmigrantes-en-ee-uu\/\" \/>\n<meta property=\"og:site_name\" content=\"Montano Miranda - Abogado de inmigrac\u00edon en Miami\" \/>\n<meta property=\"article:published_time\" content=\"2026-01-24T13:26:11+00:00\" \/>\n<meta property=\"article:modified_time\" content=\"2026-01-27T14:08:33+00:00\" \/>\n<meta property=\"og:image\" content=\"https:\/\/montanomiranda.com\/wp-content\/uploads\/2026\/01\/ChatGPT-Image-27-ene-2026-09_29_11-1024x683.png\" \/>\n\t<meta property=\"og:image:width\" content=\"1024\" \/>\n\t<meta property=\"og:image:height\" content=\"683\" \/>\n\t<meta property=\"og:image:type\" content=\"image\/png\" \/>\n<meta name=\"author\" content=\"joseramon\" \/>\n<meta name=\"twitter:card\" content=\"summary_large_image\" \/>\n<meta name=\"twitter:label1\" content=\"Written by\" \/>\n\t<meta name=\"twitter:data1\" content=\"joseramon\" \/>\n\t<meta name=\"twitter:label2\" content=\"Est. reading time\" \/>\n\t<meta name=\"twitter:data2\" content=\"3 minutes\" \/>\n<script type=\"application\/ld+json\" class=\"yoast-schema-graph\">{\"@context\":\"https:\\\/\\\/schema.org\",\"@graph\":[{\"@type\":\"Article\",\"@id\":\"https:\\\/\\\/montanomiranda.com\\\/actualizacion-del-asilo-debido-proceso-y-nuevas-alertas-para-inmigrantes-en-ee-uu\\\/#article\",\"isPartOf\":{\"@id\":\"https:\\\/\\\/montanomiranda.com\\\/actualizacion-del-asilo-debido-proceso-y-nuevas-alertas-para-inmigrantes-en-ee-uu\\\/\"},\"author\":{\"name\":\"joseramon\",\"@id\":\"https:\\\/\\\/montanomiranda.com\\\/es\\\/#\\\/schema\\\/person\\\/78466cc62152e5f8d5d72adbf41a459b\"},\"headline\":\"Actualizaci\u00f3n del asilo, debido proceso y nuevas alertas para inmigrantes en EE. UU.\",\"datePublished\":\"2026-01-24T13:26:11+00:00\",\"dateModified\":\"2026-01-27T14:08:33+00:00\",\"mainEntityOfPage\":{\"@id\":\"https:\\\/\\\/montanomiranda.com\\\/actualizacion-del-asilo-debido-proceso-y-nuevas-alertas-para-inmigrantes-en-ee-uu\\\/\"},\"wordCount\":604,\"publisher\":{\"@id\":\"https:\\\/\\\/montanomiranda.com\\\/es\\\/#organization\"},\"image\":{\"@id\":\"https:\\\/\\\/montanomiranda.com\\\/actualizacion-del-asilo-debido-proceso-y-nuevas-alertas-para-inmigrantes-en-ee-uu\\\/#primaryimage\"},\"thumbnailUrl\":\"https:\\\/\\\/montanomiranda.com\\\/wp-content\\\/uploads\\\/2026\\\/01\\\/ChatGPT-Image-27-ene-2026-09_29_11.png\",\"articleSection\":[\"Lawyers\"],\"inLanguage\":\"en-US\"},{\"@type\":\"WebPage\",\"@id\":\"https:\\\/\\\/montanomiranda.com\\\/actualizacion-del-asilo-debido-proceso-y-nuevas-alertas-para-inmigrantes-en-ee-uu\\\/\",\"url\":\"https:\\\/\\\/montanomiranda.com\\\/actualizacion-del-asilo-debido-proceso-y-nuevas-alertas-para-inmigrantes-en-ee-uu\\\/\",\"name\":\"Actualizaci\u00f3n del asilo, debido proceso y nuevas alertas para inmigrantes en EE. UU.\",\"isPartOf\":{\"@id\":\"https:\\\/\\\/montanomiranda.com\\\/es\\\/#website\"},\"primaryImageOfPage\":{\"@id\":\"https:\\\/\\\/montanomiranda.com\\\/actualizacion-del-asilo-debido-proceso-y-nuevas-alertas-para-inmigrantes-en-ee-uu\\\/#primaryimage\"},\"image\":{\"@id\":\"https:\\\/\\\/montanomiranda.com\\\/actualizacion-del-asilo-debido-proceso-y-nuevas-alertas-para-inmigrantes-en-ee-uu\\\/#primaryimage\"},\"thumbnailUrl\":\"https:\\\/\\\/montanomiranda.com\\\/wp-content\\\/uploads\\\/2026\\\/01\\\/ChatGPT-Image-27-ene-2026-09_29_11.png\",\"datePublished\":\"2026-01-24T13:26:11+00:00\",\"dateModified\":\"2026-01-27T14:08:33+00:00\",\"breadcrumb\":{\"@id\":\"https:\\\/\\\/montanomiranda.com\\\/actualizacion-del-asilo-debido-proceso-y-nuevas-alertas-para-inmigrantes-en-ee-uu\\\/#breadcrumb\"},\"inLanguage\":\"en-US\",\"potentialAction\":[{\"@type\":\"ReadAction\",\"target\":[\"https:\\\/\\\/montanomiranda.com\\\/actualizacion-del-asilo-debido-proceso-y-nuevas-alertas-para-inmigrantes-en-ee-uu\\\/\"]}]},{\"@type\":\"ImageObject\",\"inLanguage\":\"en-US\",\"@id\":\"https:\\\/\\\/montanomiranda.com\\\/actualizacion-del-asilo-debido-proceso-y-nuevas-alertas-para-inmigrantes-en-ee-uu\\\/#primaryimage\",\"url\":\"https:\\\/\\\/montanomiranda.com\\\/wp-content\\\/uploads\\\/2026\\\/01\\\/ChatGPT-Image-27-ene-2026-09_29_11.png\",\"contentUrl\":\"https:\\\/\\\/montanomiranda.com\\\/wp-content\\\/uploads\\\/2026\\\/01\\\/ChatGPT-Image-27-ene-2026-09_29_11.png\",\"width\":1536,\"height\":1024},{\"@type\":\"BreadcrumbList\",\"@id\":\"https:\\\/\\\/montanomiranda.com\\\/actualizacion-del-asilo-debido-proceso-y-nuevas-alertas-para-inmigrantes-en-ee-uu\\\/#breadcrumb\",\"itemListElement\":[{\"@type\":\"ListItem\",\"position\":1,\"name\":\"Home\",\"item\":\"https:\\\/\\\/montanomiranda.com\\\/\"},{\"@type\":\"ListItem\",\"position\":2,\"name\":\"Actualizaci\u00f3n del asilo, debido proceso y nuevas alertas para inmigrantes en EE. UU.\"}]},{\"@type\":\"WebSite\",\"@id\":\"https:\\\/\\\/montanomiranda.com\\\/es\\\/#website\",\"url\":\"https:\\\/\\\/montanomiranda.com\\\/es\\\/\",\"name\":\"Montano Miranda - Servicio de asosor\u00eda legal - Abogado de tr\u00e1mites migratorios EEUU\",\"description\":\"Montano Miranda - Servicio de asesor\u00eda legal - Abogado de tr\u00e1mites migratorios Miami\",\"publisher\":{\"@id\":\"https:\\\/\\\/montanomiranda.com\\\/es\\\/#organization\"},\"potentialAction\":[{\"@type\":\"SearchAction\",\"target\":{\"@type\":\"EntryPoint\",\"urlTemplate\":\"https:\\\/\\\/montanomiranda.com\\\/es\\\/?s={search_term_string}\"},\"query-input\":{\"@type\":\"PropertyValueSpecification\",\"valueRequired\":true,\"valueName\":\"search_term_string\"}}],\"inLanguage\":\"en-US\"},{\"@type\":\"Organization\",\"@id\":\"https:\\\/\\\/montanomiranda.com\\\/es\\\/#organization\",\"name\":\"Montano Miranda - Servicios de asesor\u00eda legal\",\"url\":\"https:\\\/\\\/montanomiranda.com\\\/es\\\/\",\"logo\":{\"@type\":\"ImageObject\",\"inLanguage\":\"en-US\",\"@id\":\"https:\\\/\\\/montanomiranda.com\\\/es\\\/#\\\/schema\\\/logo\\\/image\\\/\",\"url\":\"https:\\\/\\\/montanomiranda.com\\\/wp-content\\\/uploads\\\/2023\\\/07\\\/cropped-Untitled-design-12.png\",\"contentUrl\":\"https:\\\/\\\/montanomiranda.com\\\/wp-content\\\/uploads\\\/2023\\\/07\\\/cropped-Untitled-design-12.png\",\"width\":512,\"height\":512,\"caption\":\"Montano Miranda - Servicios de asesor\u00eda legal\"},\"image\":{\"@id\":\"https:\\\/\\\/montanomiranda.com\\\/es\\\/#\\\/schema\\\/logo\\\/image\\\/\"}},{\"@type\":\"Person\",\"@id\":\"https:\\\/\\\/montanomiranda.com\\\/es\\\/#\\\/schema\\\/person\\\/78466cc62152e5f8d5d72adbf41a459b\",\"name\":\"joseramon\",\"image\":{\"@type\":\"ImageObject\",\"inLanguage\":\"en-US\",\"@id\":\"https:\\\/\\\/secure.gravatar.com\\\/avatar\\\/fe8f4562cb51f9157f5a68b120d7342b98c67520619593fd8ea26a46913fdea2?s=96&d=mm&r=g\",\"url\":\"https:\\\/\\\/secure.gravatar.com\\\/avatar\\\/fe8f4562cb51f9157f5a68b120d7342b98c67520619593fd8ea26a46913fdea2?s=96&d=mm&r=g\",\"contentUrl\":\"https:\\\/\\\/secure.gravatar.com\\\/avatar\\\/fe8f4562cb51f9157f5a68b120d7342b98c67520619593fd8ea26a46913fdea2?s=96&d=mm&r=g\",\"caption\":\"joseramon\"}}]}<\/script>\n<!-- \/ Yoast SEO plugin. -->","yoast_head_json":{"title":"Actualizaci\u00f3n del asilo, debido proceso y nuevas alertas para inmigrantes en EE. UU.","robots":{"index":"index","follow":"follow","max-snippet":"max-snippet:-1","max-image-preview":"max-image-preview:large","max-video-preview":"max-video-preview:-1"},"canonical":"https:\/\/montanomiranda.com\/en\/actualizacion-del-asilo-debido-proceso-y-nuevas-alertas-para-inmigrantes-en-ee-uu\/","og_locale":"en_US","og_type":"article","og_title":"Actualizaci\u00f3n del asilo, debido proceso y nuevas alertas para inmigrantes en EE. UU.","og_description":"En un reciente\u00a0Live transmitido con el periodista Miguel \u00c1ngel Rodr\u00edguez, el abogado de inmigraci\u00f3n\u00a0Javier Montano Miranda, director de Montano Miranda Law, analiz\u00f3 las preocupaciones crecientes sobre el debido proceso en [&hellip;]","og_url":"https:\/\/montanomiranda.com\/en\/actualizacion-del-asilo-debido-proceso-y-nuevas-alertas-para-inmigrantes-en-ee-uu\/","og_site_name":"Montano Miranda - Abogado de inmigrac\u00edon en Miami","article_published_time":"2026-01-24T13:26:11+00:00","article_modified_time":"2026-01-27T14:08:33+00:00","og_image":[{"width":1024,"height":683,"url":"https:\/\/montanomiranda.com\/wp-content\/uploads\/2026\/01\/ChatGPT-Image-27-ene-2026-09_29_11-1024x683.png","type":"image\/png"}],"author":"joseramon","twitter_card":"summary_large_image","twitter_misc":{"Written by":"joseramon","Est. reading time":"3 minutes"},"schema":{"@context":"https:\/\/schema.org","@graph":[{"@type":"Article","@id":"https:\/\/montanomiranda.com\/actualizacion-del-asilo-debido-proceso-y-nuevas-alertas-para-inmigrantes-en-ee-uu\/#article","isPartOf":{"@id":"https:\/\/montanomiranda.com\/actualizacion-del-asilo-debido-proceso-y-nuevas-alertas-para-inmigrantes-en-ee-uu\/"},"author":{"name":"joseramon","@id":"https:\/\/montanomiranda.com\/es\/#\/schema\/person\/78466cc62152e5f8d5d72adbf41a459b"},"headline":"Actualizaci\u00f3n del asilo, debido proceso y nuevas alertas para inmigrantes en EE. UU.","datePublished":"2026-01-24T13:26:11+00:00","dateModified":"2026-01-27T14:08:33+00:00","mainEntityOfPage":{"@id":"https:\/\/montanomiranda.com\/actualizacion-del-asilo-debido-proceso-y-nuevas-alertas-para-inmigrantes-en-ee-uu\/"},"wordCount":604,"publisher":{"@id":"https:\/\/montanomiranda.com\/es\/#organization"},"image":{"@id":"https:\/\/montanomiranda.com\/actualizacion-del-asilo-debido-proceso-y-nuevas-alertas-para-inmigrantes-en-ee-uu\/#primaryimage"},"thumbnailUrl":"https:\/\/montanomiranda.com\/wp-content\/uploads\/2026\/01\/ChatGPT-Image-27-ene-2026-09_29_11.png","articleSection":["Lawyers"],"inLanguage":"en-US"},{"@type":"WebPage","@id":"https:\/\/montanomiranda.com\/actualizacion-del-asilo-debido-proceso-y-nuevas-alertas-para-inmigrantes-en-ee-uu\/","url":"https:\/\/montanomiranda.com\/actualizacion-del-asilo-debido-proceso-y-nuevas-alertas-para-inmigrantes-en-ee-uu\/","name":"Actualizaci\u00f3n del asilo, debido proceso y nuevas alertas para inmigrantes en EE. UU.","isPartOf":{"@id":"https:\/\/montanomiranda.com\/es\/#website"},"primaryImageOfPage":{"@id":"https:\/\/montanomiranda.com\/actualizacion-del-asilo-debido-proceso-y-nuevas-alertas-para-inmigrantes-en-ee-uu\/#primaryimage"},"image":{"@id":"https:\/\/montanomiranda.com\/actualizacion-del-asilo-debido-proceso-y-nuevas-alertas-para-inmigrantes-en-ee-uu\/#primaryimage"},"thumbnailUrl":"https:\/\/montanomiranda.com\/wp-content\/uploads\/2026\/01\/ChatGPT-Image-27-ene-2026-09_29_11.png","datePublished":"2026-01-24T13:26:11+00:00","dateModified":"2026-01-27T14:08:33+00:00","breadcrumb":{"@id":"https:\/\/montanomiranda.com\/actualizacion-del-asilo-debido-proceso-y-nuevas-alertas-para-inmigrantes-en-ee-uu\/#breadcrumb"},"inLanguage":"en-US","potentialAction":[{"@type":"ReadAction","target":["https:\/\/montanomiranda.com\/actualizacion-del-asilo-debido-proceso-y-nuevas-alertas-para-inmigrantes-en-ee-uu\/"]}]},{"@type":"ImageObject","inLanguage":"en-US","@id":"https:\/\/montanomiranda.com\/actualizacion-del-asilo-debido-proceso-y-nuevas-alertas-para-inmigrantes-en-ee-uu\/#primaryimage","url":"https:\/\/montanomiranda.com\/wp-content\/uploads\/2026\/01\/ChatGPT-Image-27-ene-2026-09_29_11.png","contentUrl":"https:\/\/montanomiranda.com\/wp-content\/uploads\/2026\/01\/ChatGPT-Image-27-ene-2026-09_29_11.png","width":1536,"height":1024},{"@type":"BreadcrumbList","@id":"https:\/\/montanomiranda.com\/actualizacion-del-asilo-debido-proceso-y-nuevas-alertas-para-inmigrantes-en-ee-uu\/#breadcrumb","itemListElement":[{"@type":"ListItem","position":1,"name":"Home","item":"https:\/\/montanomiranda.com\/"},{"@type":"ListItem","position":2,"name":"Actualizaci\u00f3n del asilo, debido proceso y nuevas alertas para inmigrantes en EE. UU."}]},{"@type":"WebSite","@id":"https:\/\/montanomiranda.com\/es\/#website","url":"https:\/\/montanomiranda.com\/es\/","name":"Montano Miranda - Servicio de asosor\u00eda legal - Abogado de tr\u00e1mites migratorios EEUU","description":"Montano Miranda - Servicio de asesor\u00eda legal - Abogado de tr\u00e1mites migratorios Miami","publisher":{"@id":"https:\/\/montanomiranda.com\/es\/#organization"},"potentialAction":[{"@type":"SearchAction","target":{"@type":"EntryPoint","urlTemplate":"https:\/\/montanomiranda.com\/es\/?s={search_term_string}"},"query-input":{"@type":"PropertyValueSpecification","valueRequired":true,"valueName":"search_term_string"}}],"inLanguage":"en-US"},{"@type":"Organization","@id":"https:\/\/montanomiranda.com\/es\/#organization","name":"Montano Miranda - Servicios de asesor\u00eda legal","url":"https:\/\/montanomiranda.com\/es\/","logo":{"@type":"ImageObject","inLanguage":"en-US","@id":"https:\/\/montanomiranda.com\/es\/#\/schema\/logo\/image\/","url":"https:\/\/montanomiranda.com\/wp-content\/uploads\/2023\/07\/cropped-Untitled-design-12.png","contentUrl":"https:\/\/montanomiranda.com\/wp-content\/uploads\/2023\/07\/cropped-Untitled-design-12.png","width":512,"height":512,"caption":"Montano Miranda - Servicios de asesor\u00eda legal"},"image":{"@id":"https:\/\/montanomiranda.com\/es\/#\/schema\/logo\/image\/"}},{"@type":"Person","@id":"https:\/\/montanomiranda.com\/es\/#\/schema\/person\/78466cc62152e5f8d5d72adbf41a459b","name":"joseramon","image":{"@type":"ImageObject","inLanguage":"en-US","@id":"https:\/\/secure.gravatar.com\/avatar\/fe8f4562cb51f9157f5a68b120d7342b98c67520619593fd8ea26a46913fdea2?s=96&d=mm&r=g","url":"https:\/\/secure.gravatar.com\/avatar\/fe8f4562cb51f9157f5a68b120d7342b98c67520619593fd8ea26a46913fdea2?s=96&d=mm&r=g","contentUrl":"https:\/\/secure.gravatar.com\/avatar\/fe8f4562cb51f9157f5a68b120d7342b98c67520619593fd8ea26a46913fdea2?s=96&d=mm&r=g","caption":"joseramon"}}]}},"_links":{"self":[{"href":"https:\/\/montanomiranda.com\/en\/wp-json\/wp\/v2\/posts\/39084","targetHints":{"allow":["GET"]}}],"collection":[{"href":"https:\/\/montanomiranda.com\/en\/wp-json\/wp\/v2\/posts"}],"about":[{"href":"https:\/\/montanomiranda.com\/en\/wp-json\/wp\/v2\/types\/post"}],"author":[{"embeddable":true,"href":"https:\/\/montanomiranda.com\/en\/wp-json\/wp\/v2\/users\/9"}],"replies":[{"embeddable":true,"href":"https:\/\/montanomiranda.com\/en\/wp-json\/wp\/v2\/comments?post=39084"}],"version-history":[{"count":5,"href":"https:\/\/montanomiranda.com\/en\/wp-json\/wp\/v2\/posts\/39084\/revisions"}],"predecessor-version":[{"id":39092,"href":"https:\/\/montanomiranda.com\/en\/wp-json\/wp\/v2\/posts\/39084\/revisions\/39092"}],"wp:featuredmedia":[{"embeddable":true,"href":"https:\/\/montanomiranda.com\/en\/wp-json\/wp\/v2\/media\/39086"}],"wp:attachment":[{"href":"https:\/\/montanomiranda.com\/en\/wp-json\/wp\/v2\/media?parent=39084"}],"wp:term":[{"taxonomy":"category","embeddable":true,"href":"https:\/\/montanomiranda.com\/en\/wp-json\/wp\/v2\/categories?post=39084"},{"taxonomy":"post_tag","embeddable":true,"href":"https:\/\/montanomiranda.com\/en\/wp-json\/wp\/v2\/tags?post=39084"}],"curies":[{"name":"wp","href":"https:\/\/api.w.org\/{rel}","templated":true}]}}