{"id":38192,"date":"2025-04-09T00:12:51","date_gmt":"2025-04-09T00:12:51","guid":{"rendered":"https:\/\/montanomiranda.com\/?p=38192"},"modified":"2025-04-09T21:32:44","modified_gmt":"2025-04-09T21:32:44","slug":"como-adelantar-la-cita-de-la-visa-si-lleva-esperando-mas-de-un-ano","status":"publish","type":"post","link":"https:\/\/montanomiranda.com\/en\/como-adelantar-la-cita-de-la-visa-si-lleva-esperando-mas-de-un-ano\/","title":{"rendered":"\u00bfC\u00f3mo adelantar la cita de la visa si lleva esperando m\u00e1s de un a\u00f1o?"},"content":{"rendered":"<div data-elementor-type=\"wp-post\" data-elementor-id=\"38192\" class=\"elementor elementor-38192\" data-elementor-post-type=\"post\">\n\t\t\t\t<div class=\"elementor-element elementor-element-beb3541 e-flex e-con-boxed e-con e-parent\" data-id=\"beb3541\" data-element_type=\"container\" data-e-type=\"container\">\n\t\t\t\t\t<div class=\"e-con-inner\">\n\t\t\t\t<div class=\"elementor-element elementor-element-c2c59ff elementor-widget elementor-widget-text-editor\" data-id=\"c2c59ff\" data-element_type=\"widget\" data-e-type=\"widget\" data-widget_type=\"text-editor.default\">\n\t\t\t\t<div class=\"elementor-widget-container\">\n\t\t\t\t\t\t\t\t\t<p>La Embajada de Estados Unidos en Bogot\u00e1, Colombia, abrir\u00e1 citas de visa adicionales para cientos de solicitantes, as\u00ed que determinadas personas podr\u00e1n adelantar la cita que tuviesen programada.<\/p><p>Tenga presente que, seg\u00fan el Departamento de Estado de Estados Unidos, el tiempo de espera para la cita de la visa en la Embajada ubicada en Bogot\u00e1 es el siguiente:<\/p><p>Visa de turismo o negocios B1\/B2: 507 d\u00edas calendario.<br \/>Visa para estudiantes\/visitantes de intercambio: 18 d\u00edas.<br \/>Visa para tripulaci\u00f3n y tr\u00e1nsito: 32 d\u00edas.<br \/>Visa para trabajadores temporales: 19 d\u00edas.<\/p><p>Ese tiempo para la visa B1\/B2 difiere mucho si se tramita en otro pa\u00eds.<\/p><p>Por ejemplo, en Ecuador deben esperar 345 d\u00edas; en Per\u00fa, 246 d\u00edas; y en Argentina, 63 d\u00edas (seg\u00fan datos de la propia embajada)<\/p><p><b>Embajada de Estados Unidos anuncia citas de visa adicionales en Colombia<\/b><\/p><p>Con el fin de agilizar los tiempos de espera, la Embajada de Estados Unidos inform\u00f3 que para este mes de abril de 2025 tendr\u00e1 citas de visa adicionales.<\/p><p>\u00abDesde el 7 de abril abrimos citas de visa adicionales para solicitantes que llevan esperando m\u00e1s de un a\u00f1o\u00bb, se\u00f1al\u00f3 mediante sus canales digitales oficiales.<\/p><p>Por tanto, esas personas podr\u00e1n obtener una cita para la visa m\u00e1s cercana y acudir a la entrevista sin tener que esperar el tiempo inicial.<\/p><p><b>\u00bfC\u00f3mo adelantar la cita de la visa si lleva esperando m\u00e1s de un a\u00f1o?<\/b><\/p><p>Por tanto, si usted agend\u00f3 una cita para la visa hace m\u00e1s de un a\u00f1o, tendr\u00e1 que estar pendiente de su correo electr\u00f3nico.<\/p><p>All\u00ed le enviar\u00e1n el paso a paso para adelantar la cita que, por lo general, es el siguiente:<br \/>Ingresar a su cuenta en https:\/\/ais.usvisa-info.com\/ y hacer clic en &#8216;Continuar&#8217;.<\/p><p>Seleccionar la opci\u00f3n &#8216;Reprogramar Cita&#8217;.<\/p><p>Buscar una cita m\u00e1s temprana en el calendario desplegado.<\/p><p>Si encuentra una cita m\u00e1s temprana, seleccionar la fecha y hora y hacer clic en &#8216;Reprogramar&#8217; para cancelar su cita original y agendar una nueva.<\/p><p>Si no encuentra una cita m\u00e1s temprana que vaya de acuerdo con sus necesidades de viaje, debe hacer clic en &#8216;Cerrar&#8217; para mantener su cita como estaba agendada originalmente.<\/p><p>\u00ab\u00bfNos ves citas? Estamos abriendo espacios continuamente. \u00a1Sigue intentando! Daremos prioridad para quienes llevan m\u00e1s tiempo esperando\u00bb, puntualiz\u00f3 la embajada am\u00e9ricana.<\/p><p>\u00abTrajimos personal adicional de embajadas de todo el mundo para ayudarnos a procesar m\u00e1s visas para los colombianos que planean viajar o estudiar en Estados Unidos. Con la ayuda de estos colegas, reducimos los tiempos de espera para la renovaci\u00f3n de visas de los solicitantes que califican a trav\u00e9s del Programa de Exenci\u00f3n de Entrevista a menos de dos semanas\u00bb, agreg\u00f3.<\/p>\t\t\t\t\t\t\t\t<\/div>\n\t\t\t\t<\/div>\n\t\t\t\t\t<\/div>\n\t\t\t\t<\/div>\n\t\t\t\t<\/div>","protected":false},"excerpt":{"rendered":"<p>La Embajada de Estados Unidos en Bogot\u00e1, Colombia, abrir\u00e1 citas de visa adicionales para cientos de solicitantes, as\u00ed que determinadas personas podr\u00e1n adelantar la cita que tuviesen programada. Tenga presente [&hellip;]<\/p>\n","protected":false},"author":9,"featured_media":38194,"comment_status":"closed","ping_status":"open","sticky":false,"template":"","format":"standard","meta":{"footnotes":""},"categories":[1],"tags":[],"class_list":["post-38192","post","type-post","status-publish","format-standard","has-post-thumbnail","hentry","category-lawyers"],"yoast_head":"<!-- This site is optimized with the Yoast SEO plugin v27.5 - https:\/\/yoast.com\/product\/yoast-seo-wordpress\/ -->\n<title>\u00bfC\u00f3mo adelantar la cita de la visa si lleva esperando m\u00e1s de un a\u00f1o?<\/title>\n<meta name=\"robots\" content=\"index, follow, max-snippet:-1, max-image-preview:large, max-video-preview:-1\" \/>\n<link rel=\"canonical\" href=\"https:\/\/montanomiranda.com\/en\/como-adelantar-la-cita-de-la-visa-si-lleva-esperando-mas-de-un-ano\/\" \/>\n<meta property=\"og:locale\" content=\"en_US\" \/>\n<meta property=\"og:type\" content=\"article\" \/>\n<meta property=\"og:title\" content=\"\u00bfC\u00f3mo adelantar la cita de la visa si lleva esperando m\u00e1s de un a\u00f1o?\" \/>\n<meta property=\"og:description\" content=\"La Embajada de Estados Unidos en Bogot\u00e1, Colombia, abrir\u00e1 citas de visa adicionales para cientos de solicitantes, as\u00ed que determinadas personas podr\u00e1n adelantar la cita que tuviesen programada. Tenga presente [&hellip;]\" \/>\n<meta property=\"og:url\" content=\"https:\/\/montanomiranda.com\/en\/como-adelantar-la-cita-de-la-visa-si-lleva-esperando-mas-de-un-ano\/\" \/>\n<meta property=\"og:site_name\" content=\"Montano Miranda - Abogado de inmigrac\u00edon en Miami\" \/>\n<meta property=\"article:published_time\" content=\"2025-04-09T00:12:51+00:00\" \/>\n<meta property=\"article:modified_time\" content=\"2025-04-09T21:32:44+00:00\" \/>\n<meta property=\"og:image\" content=\"https:\/\/montanomiranda.com\/wp-content\/uploads\/2025\/04\/visa.jpeg\" \/>\n\t<meta property=\"og:image:width\" content=\"1200\" \/>\n\t<meta property=\"og:image:height\" content=\"535\" \/>\n\t<meta property=\"og:image:type\" content=\"image\/jpeg\" \/>\n<meta name=\"author\" content=\"joseramon\" \/>\n<meta name=\"twitter:card\" content=\"summary_large_image\" \/>\n<meta name=\"twitter:label1\" content=\"Written by\" \/>\n\t<meta name=\"twitter:data1\" content=\"joseramon\" \/>\n\t<meta name=\"twitter:label2\" content=\"Est. reading time\" \/>\n\t<meta name=\"twitter:data2\" content=\"2 minutes\" \/>\n<script type=\"application\/ld+json\" class=\"yoast-schema-graph\">{\"@context\":\"https:\\\/\\\/schema.org\",\"@graph\":[{\"@type\":\"Article\",\"@id\":\"https:\\\/\\\/montanomiranda.com\\\/es\\\/como-adelantar-la-cita-de-la-visa-si-lleva-esperando-mas-de-un-ano\\\/#article\",\"isPartOf\":{\"@id\":\"https:\\\/\\\/montanomiranda.com\\\/es\\\/como-adelantar-la-cita-de-la-visa-si-lleva-esperando-mas-de-un-ano\\\/\"},\"author\":{\"name\":\"joseramon\",\"@id\":\"https:\\\/\\\/montanomiranda.com\\\/es\\\/#\\\/schema\\\/person\\\/78466cc62152e5f8d5d72adbf41a459b\"},\"headline\":\"\u00bfC\u00f3mo adelantar la cita de la visa si lleva esperando m\u00e1s de un a\u00f1o?\",\"datePublished\":\"2025-04-09T00:12:51+00:00\",\"dateModified\":\"2025-04-09T21:32:44+00:00\",\"mainEntityOfPage\":{\"@id\":\"https:\\\/\\\/montanomiranda.com\\\/es\\\/como-adelantar-la-cita-de-la-visa-si-lleva-esperando-mas-de-un-ano\\\/\"},\"wordCount\":478,\"publisher\":{\"@id\":\"https:\\\/\\\/montanomiranda.com\\\/es\\\/#organization\"},\"image\":{\"@id\":\"https:\\\/\\\/montanomiranda.com\\\/es\\\/como-adelantar-la-cita-de-la-visa-si-lleva-esperando-mas-de-un-ano\\\/#primaryimage\"},\"thumbnailUrl\":\"https:\\\/\\\/montanomiranda.com\\\/wp-content\\\/uploads\\\/2025\\\/04\\\/visa.jpeg\",\"articleSection\":[\"Lawyers\"],\"inLanguage\":\"en-US\"},{\"@type\":\"WebPage\",\"@id\":\"https:\\\/\\\/montanomiranda.com\\\/es\\\/como-adelantar-la-cita-de-la-visa-si-lleva-esperando-mas-de-un-ano\\\/\",\"url\":\"https:\\\/\\\/montanomiranda.com\\\/es\\\/como-adelantar-la-cita-de-la-visa-si-lleva-esperando-mas-de-un-ano\\\/\",\"name\":\"\u00bfC\u00f3mo adelantar la cita de la visa si lleva esperando m\u00e1s de un a\u00f1o?\",\"isPartOf\":{\"@id\":\"https:\\\/\\\/montanomiranda.com\\\/es\\\/#website\"},\"primaryImageOfPage\":{\"@id\":\"https:\\\/\\\/montanomiranda.com\\\/es\\\/como-adelantar-la-cita-de-la-visa-si-lleva-esperando-mas-de-un-ano\\\/#primaryimage\"},\"image\":{\"@id\":\"https:\\\/\\\/montanomiranda.com\\\/es\\\/como-adelantar-la-cita-de-la-visa-si-lleva-esperando-mas-de-un-ano\\\/#primaryimage\"},\"thumbnailUrl\":\"https:\\\/\\\/montanomiranda.com\\\/wp-content\\\/uploads\\\/2025\\\/04\\\/visa.jpeg\",\"datePublished\":\"2025-04-09T00:12:51+00:00\",\"dateModified\":\"2025-04-09T21:32:44+00:00\",\"breadcrumb\":{\"@id\":\"https:\\\/\\\/montanomiranda.com\\\/es\\\/como-adelantar-la-cita-de-la-visa-si-lleva-esperando-mas-de-un-ano\\\/#breadcrumb\"},\"inLanguage\":\"en-US\",\"potentialAction\":[{\"@type\":\"ReadAction\",\"target\":[\"https:\\\/\\\/montanomiranda.com\\\/es\\\/como-adelantar-la-cita-de-la-visa-si-lleva-esperando-mas-de-un-ano\\\/\"]}]},{\"@type\":\"ImageObject\",\"inLanguage\":\"en-US\",\"@id\":\"https:\\\/\\\/montanomiranda.com\\\/es\\\/como-adelantar-la-cita-de-la-visa-si-lleva-esperando-mas-de-un-ano\\\/#primaryimage\",\"url\":\"https:\\\/\\\/montanomiranda.com\\\/wp-content\\\/uploads\\\/2025\\\/04\\\/visa.jpeg\",\"contentUrl\":\"https:\\\/\\\/montanomiranda.com\\\/wp-content\\\/uploads\\\/2025\\\/04\\\/visa.jpeg\",\"width\":1200,\"height\":535},{\"@type\":\"BreadcrumbList\",\"@id\":\"https:\\\/\\\/montanomiranda.com\\\/es\\\/como-adelantar-la-cita-de-la-visa-si-lleva-esperando-mas-de-un-ano\\\/#breadcrumb\",\"itemListElement\":[{\"@type\":\"ListItem\",\"position\":1,\"name\":\"Home\",\"item\":\"https:\\\/\\\/montanomiranda.com\\\/\"},{\"@type\":\"ListItem\",\"position\":2,\"name\":\"\u00bfC\u00f3mo adelantar la cita de la visa si lleva esperando m\u00e1s de un a\u00f1o?\"}]},{\"@type\":\"WebSite\",\"@id\":\"https:\\\/\\\/montanomiranda.com\\\/es\\\/#website\",\"url\":\"https:\\\/\\\/montanomiranda.com\\\/es\\\/\",\"name\":\"Montano Miranda - Servicio de asosor\u00eda legal - Abogado de tr\u00e1mites migratorios EEUU\",\"description\":\"Montano Miranda - Servicio de asesor\u00eda legal - Abogado de tr\u00e1mites migratorios Miami\",\"publisher\":{\"@id\":\"https:\\\/\\\/montanomiranda.com\\\/es\\\/#organization\"},\"potentialAction\":[{\"@type\":\"SearchAction\",\"target\":{\"@type\":\"EntryPoint\",\"urlTemplate\":\"https:\\\/\\\/montanomiranda.com\\\/es\\\/?s={search_term_string}\"},\"query-input\":{\"@type\":\"PropertyValueSpecification\",\"valueRequired\":true,\"valueName\":\"search_term_string\"}}],\"inLanguage\":\"en-US\"},{\"@type\":\"Organization\",\"@id\":\"https:\\\/\\\/montanomiranda.com\\\/es\\\/#organization\",\"name\":\"Montano Miranda - Servicios de asesor\u00eda legal\",\"url\":\"https:\\\/\\\/montanomiranda.com\\\/es\\\/\",\"logo\":{\"@type\":\"ImageObject\",\"inLanguage\":\"en-US\",\"@id\":\"https:\\\/\\\/montanomiranda.com\\\/es\\\/#\\\/schema\\\/logo\\\/image\\\/\",\"url\":\"https:\\\/\\\/montanomiranda.com\\\/wp-content\\\/uploads\\\/2023\\\/07\\\/cropped-Untitled-design-12.png\",\"contentUrl\":\"https:\\\/\\\/montanomiranda.com\\\/wp-content\\\/uploads\\\/2023\\\/07\\\/cropped-Untitled-design-12.png\",\"width\":512,\"height\":512,\"caption\":\"Montano Miranda - Servicios de asesor\u00eda legal\"},\"image\":{\"@id\":\"https:\\\/\\\/montanomiranda.com\\\/es\\\/#\\\/schema\\\/logo\\\/image\\\/\"}},{\"@type\":\"Person\",\"@id\":\"https:\\\/\\\/montanomiranda.com\\\/es\\\/#\\\/schema\\\/person\\\/78466cc62152e5f8d5d72adbf41a459b\",\"name\":\"joseramon\",\"image\":{\"@type\":\"ImageObject\",\"inLanguage\":\"en-US\",\"@id\":\"https:\\\/\\\/secure.gravatar.com\\\/avatar\\\/fe8f4562cb51f9157f5a68b120d7342b98c67520619593fd8ea26a46913fdea2?s=96&d=mm&r=g\",\"url\":\"https:\\\/\\\/secure.gravatar.com\\\/avatar\\\/fe8f4562cb51f9157f5a68b120d7342b98c67520619593fd8ea26a46913fdea2?s=96&d=mm&r=g\",\"contentUrl\":\"https:\\\/\\\/secure.gravatar.com\\\/avatar\\\/fe8f4562cb51f9157f5a68b120d7342b98c67520619593fd8ea26a46913fdea2?s=96&d=mm&r=g\",\"caption\":\"joseramon\"}}]}<\/script>\n<!-- \/ Yoast SEO plugin. -->","yoast_head_json":{"title":"\u00bfC\u00f3mo adelantar la cita de la visa si lleva esperando m\u00e1s de un a\u00f1o?","robots":{"index":"index","follow":"follow","max-snippet":"max-snippet:-1","max-image-preview":"max-image-preview:large","max-video-preview":"max-video-preview:-1"},"canonical":"https:\/\/montanomiranda.com\/en\/como-adelantar-la-cita-de-la-visa-si-lleva-esperando-mas-de-un-ano\/","og_locale":"en_US","og_type":"article","og_title":"\u00bfC\u00f3mo adelantar la cita de la visa si lleva esperando m\u00e1s de un a\u00f1o?","og_description":"La Embajada de Estados Unidos en Bogot\u00e1, Colombia, abrir\u00e1 citas de visa adicionales para cientos de solicitantes, as\u00ed que determinadas personas podr\u00e1n adelantar la cita que tuviesen programada. Tenga presente [&hellip;]","og_url":"https:\/\/montanomiranda.com\/en\/como-adelantar-la-cita-de-la-visa-si-lleva-esperando-mas-de-un-ano\/","og_site_name":"Montano Miranda - Abogado de inmigrac\u00edon en Miami","article_published_time":"2025-04-09T00:12:51+00:00","article_modified_time":"2025-04-09T21:32:44+00:00","og_image":[{"width":1200,"height":535,"url":"https:\/\/montanomiranda.com\/wp-content\/uploads\/2025\/04\/visa.jpeg","type":"image\/jpeg"}],"author":"joseramon","twitter_card":"summary_large_image","twitter_misc":{"Written by":"joseramon","Est. reading time":"2 minutes"},"schema":{"@context":"https:\/\/schema.org","@graph":[{"@type":"Article","@id":"https:\/\/montanomiranda.com\/es\/como-adelantar-la-cita-de-la-visa-si-lleva-esperando-mas-de-un-ano\/#article","isPartOf":{"@id":"https:\/\/montanomiranda.com\/es\/como-adelantar-la-cita-de-la-visa-si-lleva-esperando-mas-de-un-ano\/"},"author":{"name":"joseramon","@id":"https:\/\/montanomiranda.com\/es\/#\/schema\/person\/78466cc62152e5f8d5d72adbf41a459b"},"headline":"\u00bfC\u00f3mo adelantar la cita de la visa si lleva esperando m\u00e1s de un a\u00f1o?","datePublished":"2025-04-09T00:12:51+00:00","dateModified":"2025-04-09T21:32:44+00:00","mainEntityOfPage":{"@id":"https:\/\/montanomiranda.com\/es\/como-adelantar-la-cita-de-la-visa-si-lleva-esperando-mas-de-un-ano\/"},"wordCount":478,"publisher":{"@id":"https:\/\/montanomiranda.com\/es\/#organization"},"image":{"@id":"https:\/\/montanomiranda.com\/es\/como-adelantar-la-cita-de-la-visa-si-lleva-esperando-mas-de-un-ano\/#primaryimage"},"thumbnailUrl":"https:\/\/montanomiranda.com\/wp-content\/uploads\/2025\/04\/visa.jpeg","articleSection":["Lawyers"],"inLanguage":"en-US"},{"@type":"WebPage","@id":"https:\/\/montanomiranda.com\/es\/como-adelantar-la-cita-de-la-visa-si-lleva-esperando-mas-de-un-ano\/","url":"https:\/\/montanomiranda.com\/es\/como-adelantar-la-cita-de-la-visa-si-lleva-esperando-mas-de-un-ano\/","name":"\u00bfC\u00f3mo adelantar la cita de la visa si lleva esperando m\u00e1s de un a\u00f1o?","isPartOf":{"@id":"https:\/\/montanomiranda.com\/es\/#website"},"primaryImageOfPage":{"@id":"https:\/\/montanomiranda.com\/es\/como-adelantar-la-cita-de-la-visa-si-lleva-esperando-mas-de-un-ano\/#primaryimage"},"image":{"@id":"https:\/\/montanomiranda.com\/es\/como-adelantar-la-cita-de-la-visa-si-lleva-esperando-mas-de-un-ano\/#primaryimage"},"thumbnailUrl":"https:\/\/montanomiranda.com\/wp-content\/uploads\/2025\/04\/visa.jpeg","datePublished":"2025-04-09T00:12:51+00:00","dateModified":"2025-04-09T21:32:44+00:00","breadcrumb":{"@id":"https:\/\/montanomiranda.com\/es\/como-adelantar-la-cita-de-la-visa-si-lleva-esperando-mas-de-un-ano\/#breadcrumb"},"inLanguage":"en-US","potentialAction":[{"@type":"ReadAction","target":["https:\/\/montanomiranda.com\/es\/como-adelantar-la-cita-de-la-visa-si-lleva-esperando-mas-de-un-ano\/"]}]},{"@type":"ImageObject","inLanguage":"en-US","@id":"https:\/\/montanomiranda.com\/es\/como-adelantar-la-cita-de-la-visa-si-lleva-esperando-mas-de-un-ano\/#primaryimage","url":"https:\/\/montanomiranda.com\/wp-content\/uploads\/2025\/04\/visa.jpeg","contentUrl":"https:\/\/montanomiranda.com\/wp-content\/uploads\/2025\/04\/visa.jpeg","width":1200,"height":535},{"@type":"BreadcrumbList","@id":"https:\/\/montanomiranda.com\/es\/como-adelantar-la-cita-de-la-visa-si-lleva-esperando-mas-de-un-ano\/#breadcrumb","itemListElement":[{"@type":"ListItem","position":1,"name":"Home","item":"https:\/\/montanomiranda.com\/"},{"@type":"ListItem","position":2,"name":"\u00bfC\u00f3mo adelantar la cita de la visa si lleva esperando m\u00e1s de un a\u00f1o?"}]},{"@type":"WebSite","@id":"https:\/\/montanomiranda.com\/es\/#website","url":"https:\/\/montanomiranda.com\/es\/","name":"Montano Miranda - Servicio de asosor\u00eda legal - Abogado de tr\u00e1mites migratorios EEUU","description":"Montano Miranda - Servicio de asesor\u00eda legal - Abogado de tr\u00e1mites migratorios Miami","publisher":{"@id":"https:\/\/montanomiranda.com\/es\/#organization"},"potentialAction":[{"@type":"SearchAction","target":{"@type":"EntryPoint","urlTemplate":"https:\/\/montanomiranda.com\/es\/?s={search_term_string}"},"query-input":{"@type":"PropertyValueSpecification","valueRequired":true,"valueName":"search_term_string"}}],"inLanguage":"en-US"},{"@type":"Organization","@id":"https:\/\/montanomiranda.com\/es\/#organization","name":"Montano Miranda - Servicios de asesor\u00eda legal","url":"https:\/\/montanomiranda.com\/es\/","logo":{"@type":"ImageObject","inLanguage":"en-US","@id":"https:\/\/montanomiranda.com\/es\/#\/schema\/logo\/image\/","url":"https:\/\/montanomiranda.com\/wp-content\/uploads\/2023\/07\/cropped-Untitled-design-12.png","contentUrl":"https:\/\/montanomiranda.com\/wp-content\/uploads\/2023\/07\/cropped-Untitled-design-12.png","width":512,"height":512,"caption":"Montano Miranda - Servicios de asesor\u00eda legal"},"image":{"@id":"https:\/\/montanomiranda.com\/es\/#\/schema\/logo\/image\/"}},{"@type":"Person","@id":"https:\/\/montanomiranda.com\/es\/#\/schema\/person\/78466cc62152e5f8d5d72adbf41a459b","name":"joseramon","image":{"@type":"ImageObject","inLanguage":"en-US","@id":"https:\/\/secure.gravatar.com\/avatar\/fe8f4562cb51f9157f5a68b120d7342b98c67520619593fd8ea26a46913fdea2?s=96&d=mm&r=g","url":"https:\/\/secure.gravatar.com\/avatar\/fe8f4562cb51f9157f5a68b120d7342b98c67520619593fd8ea26a46913fdea2?s=96&d=mm&r=g","contentUrl":"https:\/\/secure.gravatar.com\/avatar\/fe8f4562cb51f9157f5a68b120d7342b98c67520619593fd8ea26a46913fdea2?s=96&d=mm&r=g","caption":"joseramon"}}]}},"_links":{"self":[{"href":"https:\/\/montanomiranda.com\/en\/wp-json\/wp\/v2\/posts\/38192","targetHints":{"allow":["GET"]}}],"collection":[{"href":"https:\/\/montanomiranda.com\/en\/wp-json\/wp\/v2\/posts"}],"about":[{"href":"https:\/\/montanomiranda.com\/en\/wp-json\/wp\/v2\/types\/post"}],"author":[{"embeddable":true,"href":"https:\/\/montanomiranda.com\/en\/wp-json\/wp\/v2\/users\/9"}],"replies":[{"embeddable":true,"href":"https:\/\/montanomiranda.com\/en\/wp-json\/wp\/v2\/comments?post=38192"}],"version-history":[{"count":6,"href":"https:\/\/montanomiranda.com\/en\/wp-json\/wp\/v2\/posts\/38192\/revisions"}],"predecessor-version":[{"id":38232,"href":"https:\/\/montanomiranda.com\/en\/wp-json\/wp\/v2\/posts\/38192\/revisions\/38232"}],"wp:featuredmedia":[{"embeddable":true,"href":"https:\/\/montanomiranda.com\/en\/wp-json\/wp\/v2\/media\/38194"}],"wp:attachment":[{"href":"https:\/\/montanomiranda.com\/en\/wp-json\/wp\/v2\/media?parent=38192"}],"wp:term":[{"taxonomy":"category","embeddable":true,"href":"https:\/\/montanomiranda.com\/en\/wp-json\/wp\/v2\/categories?post=38192"},{"taxonomy":"post_tag","embeddable":true,"href":"https:\/\/montanomiranda.com\/en\/wp-json\/wp\/v2\/tags?post=38192"}],"curies":[{"name":"wp","href":"https:\/\/api.w.org\/{rel}","templated":true}]}}